{"id":248400,"date":"2025-08-22T12:05:36","date_gmt":"2025-08-22T10:05:36","guid":{"rendered":"https:\/\/www.messinaoggi.it\/website\/2025\/08\/22\/tajani-no-alle-quote-per-le-regionali-sceglieremo-i-migliori\/"},"modified":"2025-08-22T12:05:36","modified_gmt":"2025-08-22T10:05:36","slug":"tajani-no-alle-quote-per-le-regionali-sceglieremo-i-migliori","status":"publish","type":"post","link":"https:\/\/www.messinaoggi.it\/website\/2025\/08\/22\/tajani-no-alle-quote-per-le-regionali-sceglieremo-i-migliori\/","title":{"rendered":"Tajani \u201cNo alle quote, per le Regionali sceglieremo i migliori\u201d"},"content":{"rendered":"<div>ROMA (ITALPRESS) &#8211; In vista delle Regionali &#8220;adesso siamo concentrati sulle Marche, dove siamo convinti di ottenere grandi risultati anche noi come FI. Poi si voter\u00e0 in Valle d&#8217;Aosta dove c&#8217;\u00e8 il proporzionale e in Calabria dove si ripresenter\u00e0 Occhiuto&#8221;. Cos\u00ec il vicepremier e ministro degli Esteri, Antonio Tajani, in un&#8217;intervista al Corriere della Sera. &#8220;Non cambio idea: non sar\u00e0 questione di quote, ma di scegliere i migliori. FI si muove cos\u00ec, per qualsiasi ruolo, che siano autorit\u00e0 di enti o candidati. Quindi a settembre decideremo tutti insieme&#8221;, sottolinea. In Veneto &#8220;non sono favorevole alla lista Zaia perch\u00e8 alle elezioni si presentano i partiti, non esponenti di partiti con proprie liste, pur se forti e autorevoli. La scelta, anche qui dovr\u00e0 cadere su chi ha pi\u00f9 probabilit\u00e0 di fare bene, anche se in Veneto siamo favoriti&#8221;, spiega Tajani. In Campania &#8220;l&#8217;ipotesi migliore sarebbe un civico, ma credo che Cirielli sia una figura autorevole e capace, non abbiamo preclusioni&#8221;. In Puglia e Toscana &#8220;se non ci sar\u00e0 un candidato civico, penso che quella di Mauro D&#8217;Attis sia la candidatura migliore che potremmo presentare. In Toscana decideremo presto il candidato, intanto noi metteremo i nostri parlamentari locali tutti come capilista, perch\u00e8 \u00e8 un&#8217;elezione importante&#8221;. A Milano &#8220;servir\u00e0 un civico, ci sono diverse ipotesi attorno alle quali si pu\u00f2 costruire una maggioranza composta dal centrodestra e da Azione&#8221;, conclude Tajani.<div id=\"div-gpt-ad-Messinaoggi.it-DSK-300x250-corpoart\" style=\"text-align:center;margin:0 auto;\"><\/div><\/p>\n<p>&#8211; foto: Ipa Agency &#8211;<br \/>(ITALPRESS).<\/div>\n<div id=\"videoincontent\" style=\"clear:both\";><\/div>","protected":false},"excerpt":{"rendered":"<p>ROMA (ITALPRESS) &#8211; In vista delle Regionali &#8220;adesso siamo concentrati sulle Marche, dove siamo convinti di ottenere grandi risultati anche noi come FI. Poi si voter\u00e0 in Valle d&#8217;Aosta dove c&#8217;\u00e8 il proporzionale e in Calabria dove si ripresenter\u00e0 Occhiuto&#8221;. Cos\u00ec il vicepremier e ministro degli Esteri, Antonio Tajani, in un&#8217;intervista al Corriere della Sera. [&hellip;]<\/p>\n","protected":false},"author":18,"featured_media":248401,"comment_status":"closed","ping_status":"closed","sticky":false,"template":"","format":"standard","meta":{"ub_ctt_via":"","_mi_skip_tracking":false},"categories":[446],"tags":[783],"featured_image_src":"https:\/\/www.messinaoggi.it\/website\/wp-content\/uploads\/2025\/08\/20250822_0289.jpg","author_info":{"display_name":"Admin","author_link":"https:\/\/www.messinaoggi.it\/website\/author\/admin\/"},"digistream_id":0,"digistream":false,"_links":{"self":[{"href":"https:\/\/www.messinaoggi.it\/website\/wp-json\/wp\/v2\/posts\/248400"}],"collection":[{"href":"https:\/\/www.messinaoggi.it\/website\/wp-json\/wp\/v2\/posts"}],"about":[{"href":"https:\/\/www.messinaoggi.it\/website\/wp-json\/wp\/v2\/types\/post"}],"author":[{"embeddable":true,"href":"https:\/\/www.messinaoggi.it\/website\/wp-json\/wp\/v2\/users\/18"}],"replies":[{"embeddable":true,"href":"https:\/\/www.messinaoggi.it\/website\/wp-json\/wp\/v2\/comments?post=248400"}],"version-history":[{"count":0,"href":"https:\/\/www.messinaoggi.it\/website\/wp-json\/wp\/v2\/posts\/248400\/revisions"}],"wp:featuredmedia":[{"embeddable":true,"href":"https:\/\/www.messinaoggi.it\/website\/wp-json\/wp\/v2\/media\/248401"}],"wp:attachment":[{"href":"https:\/\/www.messinaoggi.it\/website\/wp-json\/wp\/v2\/media?parent=248400"}],"wp:term":[{"taxonomy":"category","embeddable":true,"href":"https:\/\/www.messinaoggi.it\/website\/wp-json\/wp\/v2\/categories?post=248400"},{"taxonomy":"post_tag","embeddable":true,"href":"https:\/\/www.messinaoggi.it\/website\/wp-json\/wp\/v2\/tags?post=248400"}],"curies":[{"name":"wp","href":"https:\/\/api.w.org\/{rel}","templated":true}]}}