{"id":248375,"date":"2025-08-21T20:05:52","date_gmt":"2025-08-21T18:05:52","guid":{"rendered":"https:\/\/www.messinaoggi.it\/website\/2025\/08\/21\/netanyahu-prenderemo-il-controllo-di-gaza-non-lasceremo-li-hamas\/"},"modified":"2025-08-21T20:05:52","modified_gmt":"2025-08-21T18:05:52","slug":"netanyahu-prenderemo-il-controllo-di-gaza-non-lasceremo-li-hamas","status":"publish","type":"post","link":"https:\/\/www.messinaoggi.it\/website\/2025\/08\/21\/netanyahu-prenderemo-il-controllo-di-gaza-non-lasceremo-li-hamas\/","title":{"rendered":"Netanyahu \u201cPrenderemo il controllo di Gaza, non lasceremo l\u00ec Hamas\u201d"},"content":{"rendered":"<div>ROMA (ITALPRESS) &#8211; Israele prender\u00e0 il controllo completo di Gaza anche se Hamas accettasse un accordo di cessate il fuoco all&#8217;ultimo minuto. Lo afferma il primo ministro israeliano Benjamin Netanyahu in un&#8217;intervista a Sky News Australia.<br \/>&#8220;Lo faremo comunque. Non c&#8217;\u00e8 mai stato alcun dubbio sul fatto che non lasceremo Hamas l\u00ec. Credo che il presidente Trump l&#8217;abbia espresso al meglio, dicendo che Hamas deve scomparire da Gaza. E&#8217; come lasciare le SS in Germania. Si sgombera gran parte della Germania, ma si lascia fuori Berlino con le SS e il nucleo nazista&#8221;, dice Netanyahu.<br \/>&#8220;Ma ho detto che questa guerra potrebbe finire oggi. Pu\u00f2 finire se Hamas depone le armi e libera i restanti 50 ostaggi, almeno 20 dei quali sono vivi, e questo \u00e8 il nostro obiettivo &#8211; aggiunge -: liberare tutti gli ostaggi, disarmare Hamas, smilitarizzare Gaza e dare un futuro diverso ai suoi abitanti. Si tratta di liberare Gaza, liberarla dalla tirannia di Hamas, liberare Israele e altri dal terrorismo di Hamas, dare a Gaza e a Israele un futuro diverso, e penso che siamo vicini a riuscirci. Naturalmente, ci\u00f2 significher\u00e0 conquistare le ultime roccaforti di Hamas, che non dovrebbero essere l\u00ec. Lo capiscono tutti&#8221;.<br \/>Il primo ministro israeliano spiega inoltre di sperare di ampliare gli Accordi di Abramo, stipulati durante il primo mandato del presidente Trump, affidando alle nazioni arabe un ruolo nella sicurezza della regione. &#8220;Penso che siamo sul punto di completare questa guerra, una guerra su sette fronti che include l&#8217;Iran e i suoi alleati &#8211; afferma -. E quando ci\u00f2 accadr\u00e0, penso che avremo grandi opportunit\u00e0 di espandere la pace. Io stesso ho stipulato con il presidente Trump gli Accordi di Abramo, quattro trattati di pace con gli stati arabi che non venivano stipulati da un quarto di secolo, e penso che dopo la nostra vittoria ne avremo molti altri&#8221;.<div id=\"div-gpt-ad-Messinaoggi.it-DSK-300x250-corpoart\" style=\"text-align:center;margin:0 auto;\"><\/div><\/p>\n<p>&#8211; Foto IPA Agency &#8211;<div id=\"videoincontent\" style=\"clear:both\";><\/div><\/p>\n<p>(ITALPRESS).<\/p><\/div>\n","protected":false},"excerpt":{"rendered":"<p>ROMA (ITALPRESS) &#8211; Israele prender\u00e0 il controllo completo di Gaza anche se Hamas accettasse un accordo di cessate il fuoco all&#8217;ultimo minuto. Lo afferma il primo ministro israeliano Benjamin Netanyahu in un&#8217;intervista a Sky News Australia.&#8220;Lo faremo comunque. Non c&#8217;\u00e8 mai stato alcun dubbio sul fatto che non lasceremo Hamas l\u00ec. Credo che il presidente [&hellip;]<\/p>\n","protected":false},"author":18,"featured_media":248376,"comment_status":"closed","ping_status":"closed","sticky":false,"template":"","format":"standard","meta":{"ub_ctt_via":"","_mi_skip_tracking":false},"categories":[446],"tags":[783],"featured_image_src":"https:\/\/www.messinaoggi.it\/website\/wp-content\/uploads\/2025\/08\/20250821_1366.jpg","author_info":{"display_name":"Admin","author_link":"https:\/\/www.messinaoggi.it\/website\/author\/admin\/"},"digistream_id":0,"digistream":false,"_links":{"self":[{"href":"https:\/\/www.messinaoggi.it\/website\/wp-json\/wp\/v2\/posts\/248375"}],"collection":[{"href":"https:\/\/www.messinaoggi.it\/website\/wp-json\/wp\/v2\/posts"}],"about":[{"href":"https:\/\/www.messinaoggi.it\/website\/wp-json\/wp\/v2\/types\/post"}],"author":[{"embeddable":true,"href":"https:\/\/www.messinaoggi.it\/website\/wp-json\/wp\/v2\/users\/18"}],"replies":[{"embeddable":true,"href":"https:\/\/www.messinaoggi.it\/website\/wp-json\/wp\/v2\/comments?post=248375"}],"version-history":[{"count":0,"href":"https:\/\/www.messinaoggi.it\/website\/wp-json\/wp\/v2\/posts\/248375\/revisions"}],"wp:featuredmedia":[{"embeddable":true,"href":"https:\/\/www.messinaoggi.it\/website\/wp-json\/wp\/v2\/media\/248376"}],"wp:attachment":[{"href":"https:\/\/www.messinaoggi.it\/website\/wp-json\/wp\/v2\/media?parent=248375"}],"wp:term":[{"taxonomy":"category","embeddable":true,"href":"https:\/\/www.messinaoggi.it\/website\/wp-json\/wp\/v2\/categories?post=248375"},{"taxonomy":"post_tag","embeddable":true,"href":"https:\/\/www.messinaoggi.it\/website\/wp-json\/wp\/v2\/tags?post=248375"}],"curies":[{"name":"wp","href":"https:\/\/api.w.org\/{rel}","templated":true}]}}