{"id":248367,"date":"2025-08-21T18:05:56","date_gmt":"2025-08-21T16:05:56","guid":{"rendered":"https:\/\/www.messinaoggi.it\/website\/2025\/08\/21\/joao-mario-sono-molto-motivato-alla-juve-trovato-grande-gruppo\/"},"modified":"2025-08-21T18:05:56","modified_gmt":"2025-08-21T16:05:56","slug":"joao-mario-sono-molto-motivato-alla-juve-trovato-grande-gruppo","status":"publish","type":"post","link":"https:\/\/www.messinaoggi.it\/website\/2025\/08\/21\/joao-mario-sono-molto-motivato-alla-juve-trovato-grande-gruppo\/","title":{"rendered":"Joao Mario \u201cSono molto motivato, alla Juve trovato grande gruppo\u201d"},"content":{"rendered":"<div>TORINO (ITALPRESS) &#8211; &#8220;I primi giorni sono stati incredibili per me, mi sono trovato davvero bene. C&#8217;\u00e8 un gruppo di grande qualit\u00e0 e l&#8217;ambientamento \u00e8 stato semplice. Sento che siamo pronti per iniziare la stagione, abbiamo lavorato tanto&#8221;. Cos\u00ec Joao Mario, laterale portoghese classe 2000, neoacquisto della Juventus, nel corso della sua conferenza stampa di presentazione. &#8220;Nelle partite che ho disputato mi sono trovato bene &#8211; ha aggiunto Joao Mario -. Le richieste del mister sono di un calcio offensivo, mi trovo a mio agio. Sto cercando di migliorare giorno dopo giorno, ma l&#8217;obiettivo \u00e8 crescere ancora e aiutare la squadra. Sono rimasto sorpreso dalla grandezza di questo club, uno dei migliori al mondo, sono molto motivato&#8221;. Il terzino destro arriva dal Porto, un club che &#8220;compete ad alti livelli&#8221; e quindi Joao Mario si sente &#8220;preparato per aiutare la squadra e dare il meglio per raggiungere le vittorie. Cerco di trasformare la pressione in qualcosa di positivo. Questo \u00e8 un club abituato a vincere e ha sempre questo obiettivo. Mentalmente sono preparato&#8221;. Poi sulla sfida con il Parma che segner\u00e0 il debutto in campionato: &#8220;Domenica sar\u00e0 difficile, sappiamo che il campionato italiano \u00e8 molto competitivo, non ci sono partite facili. In settimana ci siamo preparati, l&#8217;obiettivo sar\u00e0 quello di tutte le partite: la vittoria. Siamo fiduciosi e ci sentiamo preparati&#8221;. Qualche anno fa il ruolo che ricoprir\u00e0 Joao Mario era occupato dal suo connazionale Joao Cancelo: &#8220;Mi sono ispirato a lui, siamo simili dal punto di vista delle caratteristiche. Lo ammiro molto e mi ha dato tanti consigli ma non abbiamo parlato del mio trasferimento&#8221;. Joao Mario ha poi parlato di Alberto Costa, che ha fatto il suo<br \/>percorso inverso passando al Porto: &#8220;E&#8217; un giocatore dal grande<br \/>potenziale, mio connazionale. Nel Portogallo ci sar\u00e0 una bella<br \/>concorrenza&#8221;. Infine, sugli aspetti che sta cercando di curare di<br \/>pi\u00f9: &#8220;Devo lavorare per esaltare i miei punti forti e devo<br \/>migliorare a livello difensivo&#8221;, ha concluso Joao Mario.<br \/>&#8211; Foto: Ipa Agency &#8211; <br \/>(ITALPRESS).<\/div>\n<div id=\"div-gpt-ad-Messinaoggi.it-DSK-300x250-corpoart\" style=\"text-align:center;margin:0 auto;\"><\/div><\/p><div id=\"videoincontent\" style=\"clear:both\";><\/div>","protected":false},"excerpt":{"rendered":"<p>TORINO (ITALPRESS) &#8211; &#8220;I primi giorni sono stati incredibili per me, mi sono trovato davvero bene. C&#8217;\u00e8 un gruppo di grande qualit\u00e0 e l&#8217;ambientamento \u00e8 stato semplice. Sento che siamo pronti per iniziare la stagione, abbiamo lavorato tanto&#8221;. Cos\u00ec Joao Mario, laterale portoghese classe 2000, neoacquisto della Juventus, nel corso della sua conferenza stampa di [&hellip;]<\/p>\n","protected":false},"author":18,"featured_media":248368,"comment_status":"closed","ping_status":"closed","sticky":false,"template":"","format":"standard","meta":{"ub_ctt_via":"","_mi_skip_tracking":false},"categories":[446],"tags":[783],"featured_image_src":"https:\/\/www.messinaoggi.it\/website\/wp-content\/uploads\/2025\/08\/20250821_0939.jpg","author_info":{"display_name":"Admin","author_link":"https:\/\/www.messinaoggi.it\/website\/author\/admin\/"},"digistream_id":0,"digistream":false,"_links":{"self":[{"href":"https:\/\/www.messinaoggi.it\/website\/wp-json\/wp\/v2\/posts\/248367"}],"collection":[{"href":"https:\/\/www.messinaoggi.it\/website\/wp-json\/wp\/v2\/posts"}],"about":[{"href":"https:\/\/www.messinaoggi.it\/website\/wp-json\/wp\/v2\/types\/post"}],"author":[{"embeddable":true,"href":"https:\/\/www.messinaoggi.it\/website\/wp-json\/wp\/v2\/users\/18"}],"replies":[{"embeddable":true,"href":"https:\/\/www.messinaoggi.it\/website\/wp-json\/wp\/v2\/comments?post=248367"}],"version-history":[{"count":0,"href":"https:\/\/www.messinaoggi.it\/website\/wp-json\/wp\/v2\/posts\/248367\/revisions"}],"wp:featuredmedia":[{"embeddable":true,"href":"https:\/\/www.messinaoggi.it\/website\/wp-json\/wp\/v2\/media\/248368"}],"wp:attachment":[{"href":"https:\/\/www.messinaoggi.it\/website\/wp-json\/wp\/v2\/media?parent=248367"}],"wp:term":[{"taxonomy":"category","embeddable":true,"href":"https:\/\/www.messinaoggi.it\/website\/wp-json\/wp\/v2\/categories?post=248367"},{"taxonomy":"post_tag","embeddable":true,"href":"https:\/\/www.messinaoggi.it\/website\/wp-json\/wp\/v2\/tags?post=248367"}],"curies":[{"name":"wp","href":"https:\/\/api.w.org\/{rel}","templated":true}]}}