{"id":248365,"date":"2025-08-21T18:05:49","date_gmt":"2025-08-21T16:05:49","guid":{"rendered":"https:\/\/www.messinaoggi.it\/website\/2025\/08\/21\/milano-sgomberato-il-centro-sociale-leoncavallo\/"},"modified":"2025-08-21T18:05:49","modified_gmt":"2025-08-21T16:05:49","slug":"milano-sgomberato-il-centro-sociale-leoncavallo","status":"publish","type":"post","link":"https:\/\/www.messinaoggi.it\/website\/2025\/08\/21\/milano-sgomberato-il-centro-sociale-leoncavallo\/","title":{"rendered":"Milano, sgomberato il centro sociale Leoncavallo"},"content":{"rendered":"<div>MILANO (ITALPRESS) &#8211; Sgomberato dopo 31 anni di occupazione il Leoncavallo di Milano. In via Watteau, dove il centro sociale si era trasferito nel 1994 dalla storica sede di via Leoncavallo, sono intervenuti agenti della Polizia di Stato e l&#8217;ufficiale giudiziario.<br \/>&#8220;In uno Stato di diritto non possono esistere zone franche o aree sottratte alla legalit\u00e0. Le occupazioni abusive sono un danno per la sicurezza, per i cittadini e per le comunit\u00e0 che rispettano le regole. Il Governo continuer\u00e0 a far s\u00ec che la legge venga rispettata, sempre e ovunque: \u00e8 la condizione essenziale per difendere i diritti di tutti&#8221;, scrive su X il presidente del Consiglio, Giorgia Meloni.<br \/>&#8220;Decenni di illegalit\u00e0 tollerata, e pi\u00f9 volte sostenuta, dalla sinistra: ora finalmente si cambia. La legge \u00e8 uguale per tutti: afuera!&#8221;, commenta sempre su X il vicepremier, ministro delle Infrastrutture e leader della Lega, Matteo Salvini.<br \/>Per il ministro dell&#8217;Interno Matteo Piantedosi &#8220;lo sgombero del centro sociale Leoncavallo segna la fine di una lunga stagione di illegalit\u00e0. Per trent&#8217;anni quell&#8217;immobile \u00e8 stato occupato abusivamente. E al danno si \u00e8 aggiunta la beffa: lo Stato costretto persino a risarcire i danni dell&#8217;occupazione. Oggi finalmente viene ristabilita la legalit\u00e0. Il governo ha una linea chiara: tolleranza zero verso le occupazioni abusive &#8211; prosegue -. Dall&#8217;inizio del nostro mandato sono gi\u00e0 stati sgomberati quasi 4.000 immobili, tra alloggi di edilizia residenziale pubblica ed edifici di particolare rilievo. Lo sgombero del Leoncavallo \u00e8 solo un altro passo di una strategia costante e determinata che porteremo ancora avanti&#8221;.<br \/>&#8220;Ieri ero a Palazzo Marino, impegnato in incontri di lavoro. Ho delegato il vicecomandante della Polizia locale in mia rappresentanza a partecipare al Comitato per l&#8217;Ordine e la Sicurezza che, come consuetudine, si tiene ogni mercoled\u00ec &#8211; afferma il sindaco di Milano Giuseppe Sala -. In quella sede non \u00e8 stato fatto cenno ad alcuno sfratto esecutivo del centro sociale Leoncavallo. Per un&#8217;operazione di tale delicatezza, al di l\u00e0 del Comitato, c&#8217;erano molte modalit\u00e0 per avvertire l&#8217;Amministrazione milanese. Tali modalit\u00e0 non sono state perseguite. Ho ricevuto stamattina dal Prefetto la notizia. L&#8217;intervento sul Leoncavallo era s\u00ec previsto, ma per il 9 settembre. In considerazione di questa timeline ufficiale, come Comune avevamo continuato, con i responsabili del Leoncavallo, un confronto che portasse alla piena legalit\u00e0 tutta l&#8217;iniziativa del centro. Come sottolineato da alcuni quotidiani, si stavano valutando varie soluzioni a norma di legge, che potessero andare nel senso auspicato &#8211; prosegue il sindaco -. Sono convinto, e l&#8217;ho gi\u00e0 dichiarato in precedenza, che il Leoncavallo rivesta un valore storico e sociale nella nostra citt\u00e0. E&#8217; la mia opinione, so che le mie parole non troveranno d&#8217;accordo tutti. A mio parere, questo centro sociale deve continuare ad emettere cultura, chiaramente in un contesto di legalit\u00e0. Da anni e anni \u00e8 un luogo pacifico di impegno. Confermo la volont\u00e0 di mantenere aperta l&#8217;interlocuzione con i responsabili delle attivit\u00e0 del centro sociale&#8221;.<div id=\"div-gpt-ad-Messinaoggi.it-DSK-300x250-corpoart\" style=\"text-align:center;margin:0 auto;\"><\/div><\/p>\n<p>&#8211; Foto IPA Agency &#8211;<div id=\"videoincontent\" style=\"clear:both\";><\/div><\/p>\n<p>(ITALPRESS).<\/p><\/div>\n","protected":false},"excerpt":{"rendered":"<p>MILANO (ITALPRESS) &#8211; Sgomberato dopo 31 anni di occupazione il Leoncavallo di Milano. In via Watteau, dove il centro sociale si era trasferito nel 1994 dalla storica sede di via Leoncavallo, sono intervenuti agenti della Polizia di Stato e l&#8217;ufficiale giudiziario.&#8220;In uno Stato di diritto non possono esistere zone franche o aree sottratte alla legalit\u00e0. [&hellip;]<\/p>\n","protected":false},"author":18,"featured_media":248366,"comment_status":"closed","ping_status":"closed","sticky":false,"template":"","format":"standard","meta":{"ub_ctt_via":"","_mi_skip_tracking":false},"categories":[446],"tags":[783],"featured_image_src":"https:\/\/www.messinaoggi.it\/website\/wp-content\/uploads\/2025\/08\/20250821_0934.jpg","author_info":{"display_name":"Admin","author_link":"https:\/\/www.messinaoggi.it\/website\/author\/admin\/"},"digistream_id":0,"digistream":false,"_links":{"self":[{"href":"https:\/\/www.messinaoggi.it\/website\/wp-json\/wp\/v2\/posts\/248365"}],"collection":[{"href":"https:\/\/www.messinaoggi.it\/website\/wp-json\/wp\/v2\/posts"}],"about":[{"href":"https:\/\/www.messinaoggi.it\/website\/wp-json\/wp\/v2\/types\/post"}],"author":[{"embeddable":true,"href":"https:\/\/www.messinaoggi.it\/website\/wp-json\/wp\/v2\/users\/18"}],"replies":[{"embeddable":true,"href":"https:\/\/www.messinaoggi.it\/website\/wp-json\/wp\/v2\/comments?post=248365"}],"version-history":[{"count":0,"href":"https:\/\/www.messinaoggi.it\/website\/wp-json\/wp\/v2\/posts\/248365\/revisions"}],"wp:featuredmedia":[{"embeddable":true,"href":"https:\/\/www.messinaoggi.it\/website\/wp-json\/wp\/v2\/media\/248366"}],"wp:attachment":[{"href":"https:\/\/www.messinaoggi.it\/website\/wp-json\/wp\/v2\/media?parent=248365"}],"wp:term":[{"taxonomy":"category","embeddable":true,"href":"https:\/\/www.messinaoggi.it\/website\/wp-json\/wp\/v2\/categories?post=248365"},{"taxonomy":"post_tag","embeddable":true,"href":"https:\/\/www.messinaoggi.it\/website\/wp-json\/wp\/v2\/tags?post=248365"}],"curies":[{"name":"wp","href":"https:\/\/api.w.org\/{rel}","templated":true}]}}