{"id":248352,"date":"2025-08-21T15:16:13","date_gmt":"2025-08-21T13:16:13","guid":{"rendered":"http:\/\/www.messinaoggi.it\/website\/?p=248352"},"modified":"2025-08-21T15:16:16","modified_gmt":"2025-08-21T13:16:16","slug":"vandalizzata-la-sede-della-municipalita-e-una-scuola-la-condanna-dellamministrazione","status":"publish","type":"post","link":"https:\/\/www.messinaoggi.it\/website\/2025\/08\/21\/vandalizzata-la-sede-della-municipalita-e-una-scuola-la-condanna-dellamministrazione\/","title":{"rendered":"Vandalizzata la sede della Municipalit\u00e0 e una scuola, la condanna dell&#8217;amministrazione"},"content":{"rendered":"\n<p>L\u2019Amministrazione comunale condanna con fermezza i gravi atti di vandalismo e i furti compiuti la scorsa notte nella sede della III Circoscrizione, in via Suor Maria Francesca Giannetto a Camaro San Paolo, e nell\u2019adiacente scuola dell\u2019Infanzia \u201cLa Pira 2\u201d.<div id=\"div-gpt-ad-Messinaoggi.it-DSK-300x250-corpoart\" style=\"text-align:center;margin:0 auto;\"><\/div><\/p>\n\n\n\n<p><br>\u201cSimili gesti non hanno nulla a che vedere con una comunit\u00e0 civile che vive di principi, regole e rispetto \u2013 ha dichiarato il Sindaco Federico Basile \u2013. Mi auguro che si possa fare piena luce sui responsabili, con sanzioni adeguate a evitare che episodi del genere possano ripetersi. \u00c8 ancor pi\u00f9 grave che a pagarne le conseguenze siano i bambini della scuola e i cittadini che usufruiscono dei servizi della III Municipalit\u00e0, in una fase in cui l\u2019Amministrazione sta lavorando per potenziare il decentramento e avvicinare sempre pi\u00f9 i servizi al territorio\u201d.<div id=\"videoincontent\" style=\"clear:both\";><\/div><\/p>\n\n\n\n<p><br>A seguito dei fatti, segnalati dal Presidente della Municipalit\u00e0 <strong>Alessandro<\/strong> <strong>Cacciotto<\/strong>, il Direttore Generale del Comune di Messina <strong>Salvo Puccio<\/strong> ha disposto la temporanea chiusura della sede circoscrizionale per\u00a0oggi, gioved\u00ec 21, e\u00a0domani,\u00a0venerd\u00ec 22 agosto, al fine di consentire ai tecnici gli interventi necessari al ripristino delle funzionalit\u00e0 degli uffici. Il personale in servizio sar\u00e0 collocato in congedo d\u2019ufficio.<\/p>\n","protected":false},"excerpt":{"rendered":"<p>L\u2019Amministrazione comunale condanna con fermezza i gravi atti di vandalismo e i furti compiuti la scorsa notte nella sede della III Circoscrizione, in via Suor Maria Francesca Giannetto a Camaro San Paolo, e nell\u2019adiacente scuola dell\u2019Infanzia \u201cLa Pira 2\u201d. \u201cSimili gesti non hanno nulla a che vedere con una comunit\u00e0 civile che vive di principi, [&hellip;]<\/p>\n","protected":false},"author":15,"featured_media":248353,"comment_status":"open","ping_status":"open","sticky":false,"template":"","format":"standard","meta":{"ub_ctt_via":"","_mi_skip_tracking":false},"categories":[5,6],"tags":[10667,5828,3897,5331],"featured_image_src":"https:\/\/www.messinaoggi.it\/website\/wp-content\/uploads\/2025\/08\/terza-circoscrizione.jpg","author_info":{"display_name":"red.me","author_link":"https:\/\/www.messinaoggi.it\/website\/author\/red-me\/"},"digistream_id":0,"digistream":false,"_links":{"self":[{"href":"https:\/\/www.messinaoggi.it\/website\/wp-json\/wp\/v2\/posts\/248352"}],"collection":[{"href":"https:\/\/www.messinaoggi.it\/website\/wp-json\/wp\/v2\/posts"}],"about":[{"href":"https:\/\/www.messinaoggi.it\/website\/wp-json\/wp\/v2\/types\/post"}],"author":[{"embeddable":true,"href":"https:\/\/www.messinaoggi.it\/website\/wp-json\/wp\/v2\/users\/15"}],"replies":[{"embeddable":true,"href":"https:\/\/www.messinaoggi.it\/website\/wp-json\/wp\/v2\/comments?post=248352"}],"version-history":[{"count":1,"href":"https:\/\/www.messinaoggi.it\/website\/wp-json\/wp\/v2\/posts\/248352\/revisions"}],"predecessor-version":[{"id":248354,"href":"https:\/\/www.messinaoggi.it\/website\/wp-json\/wp\/v2\/posts\/248352\/revisions\/248354"}],"wp:featuredmedia":[{"embeddable":true,"href":"https:\/\/www.messinaoggi.it\/website\/wp-json\/wp\/v2\/media\/248353"}],"wp:attachment":[{"href":"https:\/\/www.messinaoggi.it\/website\/wp-json\/wp\/v2\/media?parent=248352"}],"wp:term":[{"taxonomy":"category","embeddable":true,"href":"https:\/\/www.messinaoggi.it\/website\/wp-json\/wp\/v2\/categories?post=248352"},{"taxonomy":"post_tag","embeddable":true,"href":"https:\/\/www.messinaoggi.it\/website\/wp-json\/wp\/v2\/tags?post=248352"}],"curies":[{"name":"wp","href":"https:\/\/api.w.org\/{rel}","templated":true}]}}