{"id":248309,"date":"2025-08-20T23:05:31","date_gmt":"2025-08-20T21:05:31","guid":{"rendered":"https:\/\/www.messinaoggi.it\/website\/2025\/08\/20\/pioli-fiorentina-solida-pronti-al-debutto-in-conference\/"},"modified":"2025-08-20T23:05:31","modified_gmt":"2025-08-20T21:05:31","slug":"pioli-fiorentina-solida-pronti-al-debutto-in-conference","status":"publish","type":"post","link":"https:\/\/www.messinaoggi.it\/website\/2025\/08\/20\/pioli-fiorentina-solida-pronti-al-debutto-in-conference\/","title":{"rendered":"Pioli \u201cFiorentina solida, pronti al debutto in Conference\u201d"},"content":{"rendered":"<div>PRESOV (SLOVACCHIA) (ITALPRESS) &#8211; <em>&#8220;Ci presenteremo in campo con tutte le energie e l&#8217;entusiasmo possibile, la squadra in queste cinque settimane ha lavorato molto bene, ma poi quel che conta sar\u00e0 la prova che metteremo in campo&#8221;.<\/em> Cos\u00ec, ai microfoni di Sky Sport, il tecnico della <strong>Fiorentina,<\/strong> Stefano <strong>Pioli,<\/strong> alla vigilia dell&#8217;andata del play-off di <strong>Conference<\/strong> contro gli ucraini del <strong>Polissya,<\/strong> una squadra che ha gi\u00e0 qualche partita sulle gambe a differenza dei viola.<div id=\"div-gpt-ad-Messinaoggi.it-DSK-300x250-corpoart\" style=\"text-align:center;margin:0 auto;\"><\/div><\/p>\n<p><em>&#8220;Non dobbiamo pensare a questo, stiamo bene, ci siamo preparati bene, avevamo in testa questa partita da quando abbiamo iniziato il pre-campionato, ora dobbiamo mettere in campo le nostre idee con grande convinzione&#8221;,<\/em> spiega Pioli che sorride nel commentare le dichiarazioni del suo collega Ruslan Rotan, convinto che la Fiorentina sia favorita e che i suoi possano accusare un p\u00f2 di stanchezza.<em> &#8220;E&#8217; furbo, l&#8217;ho sentito, ogni allenatore ha la propria strategia, stanno bene, hanno una buona squadra, lui \u00e8 un buon allenatore, hanno un gioco equilibrato, hanno sette giocatori mancini e gli ucraini sonio calciatori di talento. Non sar\u00e0 una partita semplice, ma dobbiamo essere preparati anche a questo, \u00e8 normale che alla prima partita ufficiale possa esserci qualche difficolt\u00e0, ma dobbiamo farci trovare pronti&#8221;.<\/em><div id=\"videoincontent\" style=\"clear:both\";><\/div><\/p>\n<p>Motivato, felice di essere tornato a Firenze, nella speranza di aprire un nuovo e importante ciclo. <em>&#8220;Da parte mia, della societ\u00e0 e della propriet\u00e0 c&#8217;\u00e8 l&#8217;intenzione e la volont\u00e0 di alzare il livello tecnico e le ambizioni della squadra, ci vuole tempo, ma la societ\u00e0 ha lavorato bene mantenendo giocatori bravi non solo dal punto di vista tecnico, ma anche a livello di peso, penso a De Gea, Gosens, Dodo, Kean, Fagioli, Mandragora. C&#8217;\u00e8 una struttura solida e dovremo cercare di alzare il livello, se ci riusciremo in questa sessione di mercato bene, altrimenti si far\u00e0 dopo, il nostro non \u00e8 un percorso a breve termine&#8221;<\/em>.<\/p>\n<p>Il suo sogno sarebbe quello di vincere un trofeo e la dedica sarebbe pronta e andrebbe ad Astori. <em>&#8220;Da tanto tempo manchiamo un traguardo del genere<\/em> &#8211; dice Pioli -. <em>Non vorrei cadere nel banale, ma Davide \u00e8 sempre con me, lo \u00e8 ancora di pi\u00f9 adesso, sarebbe un sogno regalargli un trofeo, ma ora pensiamo a cominciare a giocare. Mi piace molto il modo in cui sta lavorando e crescendo la squadra, stiamo facendo un lavoro positivo che pu\u00f2 portarci lontano. <\/em><em>Purtroppo le tempistiche del mercato, vanno sempre in disaccordo con quelle degli allenatori, non lo capiamo ma dobbiamo accettarlo&#8221;,<\/em> dice Pioli.<\/p>\n<p>&#8211; Foto Ipa Agency &#8211;<\/p>\n<p>(ITALPRESS).<\/p><\/div>\n","protected":false},"excerpt":{"rendered":"<p>PRESOV (SLOVACCHIA) (ITALPRESS) &#8211; &#8220;Ci presenteremo in campo con tutte le energie e l&#8217;entusiasmo possibile, la squadra in queste cinque settimane ha lavorato molto bene, ma poi quel che conta sar\u00e0 la prova che metteremo in campo&#8221;. Cos\u00ec, ai microfoni di Sky Sport, il tecnico della Fiorentina, Stefano Pioli, alla vigilia dell&#8217;andata del play-off di [&hellip;]<\/p>\n","protected":false},"author":18,"featured_media":248310,"comment_status":"closed","ping_status":"closed","sticky":false,"template":"","format":"standard","meta":{"ub_ctt_via":"","_mi_skip_tracking":false},"categories":[446],"tags":[783],"featured_image_src":"https:\/\/www.messinaoggi.it\/website\/wp-content\/uploads\/2025\/08\/20250820_1560.jpg","author_info":{"display_name":"Admin","author_link":"https:\/\/www.messinaoggi.it\/website\/author\/admin\/"},"digistream_id":0,"digistream":false,"_links":{"self":[{"href":"https:\/\/www.messinaoggi.it\/website\/wp-json\/wp\/v2\/posts\/248309"}],"collection":[{"href":"https:\/\/www.messinaoggi.it\/website\/wp-json\/wp\/v2\/posts"}],"about":[{"href":"https:\/\/www.messinaoggi.it\/website\/wp-json\/wp\/v2\/types\/post"}],"author":[{"embeddable":true,"href":"https:\/\/www.messinaoggi.it\/website\/wp-json\/wp\/v2\/users\/18"}],"replies":[{"embeddable":true,"href":"https:\/\/www.messinaoggi.it\/website\/wp-json\/wp\/v2\/comments?post=248309"}],"version-history":[{"count":0,"href":"https:\/\/www.messinaoggi.it\/website\/wp-json\/wp\/v2\/posts\/248309\/revisions"}],"wp:featuredmedia":[{"embeddable":true,"href":"https:\/\/www.messinaoggi.it\/website\/wp-json\/wp\/v2\/media\/248310"}],"wp:attachment":[{"href":"https:\/\/www.messinaoggi.it\/website\/wp-json\/wp\/v2\/media?parent=248309"}],"wp:term":[{"taxonomy":"category","embeddable":true,"href":"https:\/\/www.messinaoggi.it\/website\/wp-json\/wp\/v2\/categories?post=248309"},{"taxonomy":"post_tag","embeddable":true,"href":"https:\/\/www.messinaoggi.it\/website\/wp-json\/wp\/v2\/tags?post=248309"}],"curies":[{"name":"wp","href":"https:\/\/api.w.org\/{rel}","templated":true}]}}