{"id":248300,"date":"2025-08-20T18:45:31","date_gmt":"2025-08-20T16:45:31","guid":{"rendered":"https:\/\/www.messinaoggi.it\/website\/2025\/08\/20\/e-morto-francesco-musotto-fu-eurodeputato-e-presidente-della-provincia-di-palermo\/"},"modified":"2025-08-21T10:20:30","modified_gmt":"2025-08-21T08:20:30","slug":"e-morto-francesco-musotto-fu-eurodeputato-e-presidente-della-provincia-di-palermo","status":"publish","type":"post","link":"https:\/\/www.messinaoggi.it\/website\/2025\/08\/20\/e-morto-francesco-musotto-fu-eurodeputato-e-presidente-della-provincia-di-palermo\/","title":{"rendered":"E\u2019 morto Francesco Musotto, fu eurodeputato e presidente della Provincia di Palermo"},"content":{"rendered":"<div>\n<p>PALERMO (ITALPRESS) \u2013 <strong>Francesco Musotto, 78 anni, \u00e8 morto a Palermo.<\/strong> Politico italiano ed europarlamentare di Forza Italia, \u00e8 stato anche deputato all\u2019Assemblea Regionale Siciliana e presidente della Provincia di Palermo.<div id=\"div-gpt-ad-Messinaoggi.it-DSK-300x250-corpoart\" style=\"text-align:center;margin:0 auto;\"><\/div><\/p>\n<h3><strong>IL CORDOGLIO DI SCHIFANI \u201cSEMPRE AL SERVIZIO DELLA COMUNITA&#8217;\u201d<\/strong><\/h3>\n<p><em>\u201cLa scomparsa di Francesco Musotto mi addolora profondamente. Con lui ho condiviso una conoscenza ultradecennale e un comune percorso politico nello stesso partito, sempre nel segno della stima reciproca. Da presidente della Provincia di Palermo e da europarlamentare ha servito con impegno e competenza la comunit\u00e0 siciliana. Alla sua famiglia rivolgo, a nome personale e del governo regionale, le pi\u00f9 sentite condoglianze\u201d<\/em>. Lo afferma in una nota il presidente della Regione Siciliana, Renato <strong>Schifani.<\/strong><div id=\"videoincontent\" style=\"clear:both\";><\/div><\/p>\n<h3><strong>LAGALLA \u201cIMPEGNO CIVICO INDELEBILE\u201d<\/strong><\/h3>\n<p><em>\u201cA nome personale e a titolo dell\u2019intera comunit\u00e0 palermitana, desidero esprimere il mio pi\u00f9 profondo cordoglio per la scomparsa dell\u2019onorevole Francesco Musotto. \u00c8 con sincero dispiacere che ricordo il suo impegno instancabile alla guida della Provincia di Palermo, ruolo nel quale ha affrontato sfide complesse \u2013 dall\u2019emergenza rifiuti alle questioni infrastrutturali \u2013 con passione, dedizione e un forte senso delle istituzioni\u201d<\/em>. Cos\u00ec il sindaco della Citt\u00e0 Metropolitana di Palermo Roberto <strong>Lagalla.<\/strong><em> \u201cLa sua azione come presidente della Provincia, eletto nel 1994 e poi nuovamente nel 1998, 2003 e fino al 2008, \u00e8 stata caratterizzata da una visione pragmatica e da una lealt\u00e0 verso il territorio che lo renderanno indelebili nel cuore di chi ha avuto occasione di collaborare con lui. A livello personale, ho sempre avuto con Francesco un rapporto di stima oltre che di amicizia, fondato su un comune desiderio di contribuire al bene della nostra citt\u00e0 e della Sicilia. Ricordo con affetto i momenti di confronto civile e sincero che abbiamo condiviso, nel rispetto reciproco e nella passione per il servizio pubblico. La sua memoria rimarr\u00e0 viva nella nostra comunit\u00e0, anche attraverso gli insegnamenti del suo impegno civico e della sua dedizione alla politica come vocazione al servizio dei cittadini. In questo doloroso momento, desidero porgere le mie pi\u00f9 sentite condoglianze e quelle di tutta l\u2019amministrazione comunale alla famiglia, agli amici e a quanti lo hanno conosciuto e stimato\u201d<\/em>, conclude.<\/p>\n<h3><strong>CUFFARO \u201cPROFONDAMENTE ADDOLORATO\u201d<\/strong><\/h3>\n<p><em>\u201cLa notizia della scomparsa di Ciccio Musotto mi addolora profondamente. Con lui la Sicilia perde non solo un protagonista della vita politica e istituzionale, ma soprattutto un uomo di grande cultura, signorilit\u00e0 e passione civile\u201d<\/em>. Lo dice, in una nota, Tot\u00f2 <strong>Cuffaro,<\/strong> segretario nazionale della DC. <em>\u201cHo avuto modo di conoscerlo e di condividere con lui momenti importanti per le Istituzioni: ne ricordo la lealt\u00e0, la competenza e la capacit\u00e0 di ascolto, doti rare che lo hanno reso un punto di riferimento rispettato e stimato<\/em>\u201c.<em>\u201cCon la sua dedizione e il grande rispetto delle Istituzioni ha presieduto per diversi anni l\u2019ex Provincia di Palermo, gestendo diverse problematiche, servendo il territorio e anteponendo sempre i bisogni della comunit\u00e0. Il suo nome rimarr\u00e0 per sempre legato alla Provincia di Palermo, negli anni in cui l\u2019ente offriva alla comunit\u00e0 servizi indispensabili. Tutta la Democrazia Cristiana esprime condoglianze. Alla sua famiglia, ai suoi cari e a quanti gli hanno voluto bene giunga il mio pi\u00f9 sincero abbraccio e il sentimento di un dolore che \u00e8 comune a tutta la nostra comunit\u00e0 siciliana e non\u201d.<\/em><\/p>\n<h3><strong>IL RICORDO DEL COMUNE DI POLLINA<\/strong><\/h3>\n<p><em>\u201cIl sindaco, l\u2019amministrazione comunale e l\u2019intera comunit\u00e0 di Pollina esprimono profondo cordoglio per la scomparsa di Francesco Musotto, figura politica e istituzionale di grande rilievo per la nostra terra\u201d<\/em>. Cos\u00ec, in un post su Facebook, il <strong>comune di Pollina<\/strong> (Palermo). <em>\u201cUomo di grande spessore, che con il padre Giovanni, uno dei pi\u00f9 grandi penalisti italiani e con il nonno Francesco, il primo Alto Commissario per la Regione Sicilia, ha portato alto il nome di Pollina, Musotto ha dedicato la sua vita alle istituzioni: consigliere comunale nella nostra Pollina e a Cefal\u00f9, deputato all\u2019Assemblea Regionale Siciliana nella IX legislatura (1981-1986) e successivamente nella XV legislatura (2008-2012), con incarichi di rilievo tra cui la presidenza della Commissione \u201cEsame delle attivit\u00e0 dell\u2019Unione Europea\u201d e la partecipazione alle commissioni \u201cAffari Istituzionali\u201d, \u201cBilancio e Programmazione\u201d e \u201cRegolamento\u201d. Con lui se ne va un uomo che ha segnato pagine importanti della storia politica siciliana, mantenendo sempre vivo un legame forte con la sua Pollina. Alla famiglia giungano le pi\u00f9 sentite condoglianze da parte della comunit\u00e0 pollinese, che oggi si stringe nel ricordo e nella gratitudine\u201d.<\/em><\/p>\n<p>\u2013 foto IPA Agency \u2013<\/p>\n<p>(ITALPRESS).<\/p>\n<\/div>\n","protected":false},"excerpt":{"rendered":"<p>PALERMO (ITALPRESS) \u2013 Francesco Musotto, 78 anni, \u00e8 morto a Palermo. Politico italiano ed europarlamentare di Forza Italia, \u00e8 stato anche deputato all\u2019Assemblea Regionale Siciliana e presidente della Provincia di Palermo. IL CORDOGLIO DI SCHIFANI \u201cSEMPRE AL SERVIZIO DELLA COMUNITA&#8217;\u201d \u201cLa scomparsa di Francesco Musotto mi addolora profondamente. Con lui ho condiviso una conoscenza ultradecennale [&hellip;]<\/p>\n","protected":false},"author":18,"featured_media":248301,"comment_status":"closed","ping_status":"closed","sticky":false,"template":"","format":"standard","meta":{"ub_ctt_via":"","_mi_skip_tracking":false},"categories":[11,2449],"tags":[783],"featured_image_src":"https:\/\/www.messinaoggi.it\/website\/wp-content\/uploads\/2025\/08\/Musotto.jpg","author_info":{"display_name":"Admin","author_link":"https:\/\/www.messinaoggi.it\/website\/author\/admin\/"},"digistream_id":0,"digistream":false,"_links":{"self":[{"href":"https:\/\/www.messinaoggi.it\/website\/wp-json\/wp\/v2\/posts\/248300"}],"collection":[{"href":"https:\/\/www.messinaoggi.it\/website\/wp-json\/wp\/v2\/posts"}],"about":[{"href":"https:\/\/www.messinaoggi.it\/website\/wp-json\/wp\/v2\/types\/post"}],"author":[{"embeddable":true,"href":"https:\/\/www.messinaoggi.it\/website\/wp-json\/wp\/v2\/users\/18"}],"replies":[{"embeddable":true,"href":"https:\/\/www.messinaoggi.it\/website\/wp-json\/wp\/v2\/comments?post=248300"}],"version-history":[{"count":1,"href":"https:\/\/www.messinaoggi.it\/website\/wp-json\/wp\/v2\/posts\/248300\/revisions"}],"predecessor-version":[{"id":248317,"href":"https:\/\/www.messinaoggi.it\/website\/wp-json\/wp\/v2\/posts\/248300\/revisions\/248317"}],"wp:featuredmedia":[{"embeddable":true,"href":"https:\/\/www.messinaoggi.it\/website\/wp-json\/wp\/v2\/media\/248301"}],"wp:attachment":[{"href":"https:\/\/www.messinaoggi.it\/website\/wp-json\/wp\/v2\/media?parent=248300"}],"wp:term":[{"taxonomy":"category","embeddable":true,"href":"https:\/\/www.messinaoggi.it\/website\/wp-json\/wp\/v2\/categories?post=248300"},{"taxonomy":"post_tag","embeddable":true,"href":"https:\/\/www.messinaoggi.it\/website\/wp-json\/wp\/v2\/tags?post=248300"}],"curies":[{"name":"wp","href":"https:\/\/api.w.org\/{rel}","templated":true}]}}