{"id":248297,"date":"2025-08-20T18:45:28","date_gmt":"2025-08-20T16:45:28","guid":{"rendered":"https:\/\/www.messinaoggi.it\/website\/2025\/08\/20\/lultimo-saluto-a-pippo-baudo-commozione-e-un-fiume-di-gente-ai-funerali-a-militello-don-albanese-ha-reso-onore-a-sicilia-e-italia\/"},"modified":"2025-08-21T15:11:15","modified_gmt":"2025-08-21T13:11:15","slug":"lultimo-saluto-a-pippo-baudo-commozione-e-un-fiume-di-gente-ai-funerali-a-militello-don-albanese-ha-reso-onore-a-sicilia-e-italia","status":"publish","type":"post","link":"https:\/\/www.messinaoggi.it\/website\/2025\/08\/20\/lultimo-saluto-a-pippo-baudo-commozione-e-un-fiume-di-gente-ai-funerali-a-militello-don-albanese-ha-reso-onore-a-sicilia-e-italia\/","title":{"rendered":"L\u2019ultimo saluto a Pippo Baudo, commozione e un fiume di gente ai funerali a Militello. Don Albanese \u201cHa reso onore a Sicilia e Italia\u201d"},"content":{"rendered":"<div>\n<p>CATANIA (ITALPRESS) \u2013 <strong>Terminati i funerali di Pippo Baudo nella sua Militello<\/strong>. Volti commossi e un lungo applauso all\u2019interno della chiesa, nella piazza antistante e nelle strade limitrofe, dove quasi 5mila persone hanno seguito dai maxischermi le esequie del re della televisione italiana e reso omaggio all\u2019uomo che per oltre 60 anni \u00e8 entrato nelle case degli italiani.<div id=\"div-gpt-ad-Messinaoggi.it-DSK-300x250-corpoart\" style=\"text-align:center;margin:0 auto;\"><\/div><\/p>\n<p>Il feretro, che durante le esequie \u00e8 stato avvolto da un cuscino di rose rosse e una viola, ha lasciato a \u201cspalla\u201d il Santuario della Madonna della Stella di Militello Val di Catania per poi dirigersi verso il cimitero comunale, dove verr\u00e0 tumulato nella tomba di famiglia insieme ai genitori.<div id=\"videoincontent\" style=\"clear:both\";><\/div><\/p>\n<p><em>\u201cPippo, Pippo!\u201d.<\/em> \u00c8 il coro che si \u00e8 levato dalla piazza antistante la chiesa di Militello. Dopo l\u2019ultima benedizione da parte del parroco, un altro lungo applauso ha accompagnato il feretro all\u2019interno del carro funebre.<\/p>\n<p>Una funzione sobria officiata dal vescovo di Caltagirone, monsignor Calogero Peri, con don Giuseppe Luparello, parroco del santuario di Santa Maria della Stella, e don Giulio Albanese, il padre spirituale di Baudo con lui fino agli ultimi giorni di vita.<\/p>\n<p>Tra i presenti, oltre ai figli, agli amici, ai rappresentanti delle istituzioni, molti volti noti del mondo dello spettacolo, tra questi, Michele Guard\u00ec, Albano Carrisi in lacrime, Gigi D\u2019Alessio, Lorella Cuccarini, amica di sempre che insieme a Baudo ha condotto moltissime trasmissioni rimaste nella storia della televisione.<\/p>\n<p><img loading=\"lazy\" decoding=\"async\" class=\"alignnone wp-image-568635 size-full\" src=\"http:\/\/www.messinaoggi.it\/website\/wp-content\/uploads\/2025\/08\/Baudo-1-1-1.jpg\" alt=\"\" width=\"1200\" height=\"800\" srcset=\"http:\/\/www.messinaoggi.it\/website\/wp-content\/uploads\/2025\/08\/Baudo-1-1-1.jpg 1200w, https:\/\/www.italpress.com\/wp-content\/uploads\/2025\/08\/Baudo-1-1-1-300x200.jpg 300w, https:\/\/www.italpress.com\/wp-content\/uploads\/2025\/08\/Baudo-1-1-1-1024x683.jpg 1024w, https:\/\/www.italpress.com\/wp-content\/uploads\/2025\/08\/Baudo-1-1-1-768x512.jpg 768w, https:\/\/www.italpress.com\/wp-content\/uploads\/2025\/08\/Baudo-1-1-1-696x464.jpg 696w, https:\/\/www.italpress.com\/wp-content\/uploads\/2025\/08\/Baudo-1-1-1-1068x712.jpg 1068w, https:\/\/www.italpress.com\/wp-content\/uploads\/2025\/08\/Baudo-1-1-1-630x420.jpg 630w\" sizes=\"(max-width: 1200px) 100vw, 1200px\"><\/p>\n<h3><strong>IL VESCOVO \u201cSPLENDE COME UNA STELLA ANCHE NEL FIRMAMENTO DI DIO\u201d<\/strong><\/h3>\n<p><em>\u201cLa parola di Dio ricorda che i giusti splenderanno come stelle del firmamento. Carissimo Pippo, noi ti auguriamo di splendere come una stella non solo nel firmamento degli uomini, come gi\u00e0 avviene, ma tanto luminoso anche e soprattutto in quello di Dio. Nel firmamento di Dio si splende solo per l\u2019amore operoso e concreto che abbiamo ricevuto e vissuto, tutto il resto si dissolve perch\u00e9 solo l\u2019amore resta\u201d.<\/em> Cos\u00ec il <strong>vescovo<\/strong> di <strong>Caltagirone, monsignor Calogero Peri,<\/strong> nel corso dei funerali di Pippo Baudo a Militello. <em>\u201cSiamo qui per dare attestato di stima e gratitudine, ma anche ultimo saluto all\u2019amico Pippo Baudo che ha terminato il suo percorso in terra, siamo qui per celebrare nella fede la Pasqua del Signore e la nostra Pasqua, l\u2019unica capace di sfidare la morte e uscirne vittoriosa. Ma facciamo questo con dolore per il distacco che ciascuno porta dentro di s\u00e9, il mistero della morte, al contrario della vita, mette a tacere tutte le nostre parole e sicurezze\u201d,<\/em> aggiunge.<\/p>\n<h3><strong>DON ALBANESE \u201cHA RESO ONORE A SICILIA E ITALIA\u201d<\/strong><\/h3>\n<p><em>\u201cIn questa circostanza siamo tutti insieme come popolo di Dio per affermare una fraternit\u00e0 di cui il compianto Pippo \u00e8 stato testimone esemplare. Questa cittadina \u00e8 orgogliosa dei semi di bene che ha sparso nel corso della propria vita, ha reso onore a Militello, alla Sicilia e all\u2019Italia intera. \u00c8 stato forse l\u2019uomo pi\u00f9 celebre d\u2019Italia, egli \u00e8 entrato sempre nelle case degli italiani\u201d<\/em>. Cos\u00ec<strong> don Giulio Albanese<\/strong> durante l\u2019omelia per i funerali di Pippo Baudo a Militello. <em>\u201cSiamo qui per rendere l\u2019ultimo saluto terreno nella luce della fede che ci raduna, la liturgia esequiale ci invita a non vivere questo momento come un distacco senza ritorno<\/em> \u2013 osserva \u2013 <em>ma come un passaggio, un arrivederci nella speranza della resurrezione, del trionfo della vita e del bene\u201d.<\/em><\/p>\n<p>In questi giorni vi \u00e8 <em>\u201cun\u2019atmosfera di partecipazione e affetto, siamo nella sua terra natale, Militello, ed \u00e8 stato commovente come la notte scorsa gli abitanti di questa cittadina hanno dato il benvenuto a Pippo quando ha fatto ingresso qui per poter concludere il proprio cammino terreno nella sua terra natale. \u00c8 stata commovente l\u2019accoglienza di questa gente che ha visto in lui un modello e punto di riferimento\u201d,\u00a0<\/em>ha aggiunto.<\/p>\n<p><em>\u201cPoco prima di morire Pippo mi ha confidato che il successo, e lui ne ha avuto tanto, non basta a riempire i cuori, da solo non basta a rendere felici. Questa \u00e8 una parola di verit\u00e0 che risuona in sintonia con il Vangelo\u201d<\/em>, ha detto ancora. <em>\u201cPippo ha conosciuto il favore del pubblico, ma al di l\u00e0 dei programmi e degli applausi ci\u00f2 che resta \u00e8 la sua capacit\u00e0 di comunicare vicinanza, dare spazio a tanti artisti e custodire rapporti umani sinceri. Molti lo ricordano come uomo generoso, discreto e capace di aiutare gli altri senza fare clamore\u201d<\/em>, ricorda.<\/p>\n<p>Lui ha compreso che <em>\u201cpi\u00f9 passano gli anni e pi\u00f9 ci si rende conto che si ha un bisogno impellente di purificazione. L\u2019esperienza che ha vissuto nelle ultime settimane di malattia, spesso con sofferenza e dolore, \u00e8 stata anche un\u2019esperienza di purificazione e liberazione. \u00c8 stato commovente impartirgli l\u2019assoluzione e trovo difficolt\u00e0 nel descrivere quanto successo nel momento in cui gli ho chiesto se potessi comunicare il corpo di Cristo. Lui mi ha guardato con grande commozione, ha pianto, ha ripetuto per ben tre volte la parola \u2018grazie, grazie, grazie&#8217;\u201d, <\/em>ha testimoniato.\u00a0<em>\u201c\u00c8 il trionfo della grazia santificata, della vita e del bene, perch\u00e9 in fondo siamo sempre in tempo per sperimentare il dono della vita nuova\u201d,<\/em> aggiunge.<\/p>\n<p><em>\u201cIl senso della giustizia \u00e8 stato forte e sempre impresso nel suo animo, soprattutto nel coraggio manifestato in pi\u00f9 circostanze contro la mafia, secondo lui un male da estirpare, ricercando sempre e comunque la legalit\u00e0. Nella nostra societ\u00e0, inquinata da tanti virus<\/em> \u2013 prosegue -, <em>lui ha dimostrato di affermare sempre il bene e il dono di s\u00e9 stesso, soprattutto nei confronti dei poveri. Chi ha avuto modo di conoscerlo lo pu\u00f2 testimoniare\u201d,<\/em> ha concluso.<\/p>\n<h3><strong>IL SINDACO \u201cPIPPO AVEVA SCHIENA DRITTA E TESTA ALTA\u201d<\/strong><\/h3>\n<p><em>\u201cPippo ha cercato di far passare il messaggio di un Mezzogiorno che non si deve vergognare ma che deve lottare. Un siciliano senza cappello in mano, ma consapevole del protagonismo che poteva avere la nostra terra, aveva la schiena dritta e la testa alta. Noi lo abbiamo considerato un nostro familiare\u201d.<\/em> Cos\u00ec Giovanni <strong>Burtone, sindaco di Militello in Val di Catania<\/strong> in occasione dei funerali di Pippo Baudo. <em>\u201cLui \u00e8 stato l\u2019Enrico Mattei della Rai perche ha saputo contribuire con il proprio impegno e la propria capacit\u00e0 culturale partendo dal Sud, ma senza enfasi\u201d,<\/em> aggiunge.<\/p>\n<p><em>\u201cPippo non amava il divismo, era una persona sobria, allegra, sempre solare, lui non voleva retorica ma dobbiamo dire che \u00e8 andato avanti perch\u00e9 aveva talento. Ha realizzato trasmissioni che hanno dato qualcosa alla nostra comunit\u00e0, \u00e8 stato innovativo, \u00e8 stato un maestro della Rai che veniva dal Sud e che ha utilizzato il servizio pubblico per dare qualcosa al Paese, lo ha fatto con eleganza e senza strumentalizzazione. Ha cercato di dare il suo contributo partendo dalla diffusione della lingua italiana per unire il Paese, ha dato un contributo dal basso per lo sviluppo delle nostre comunit\u00e0. Ecco perch\u00e8 \u00e8 stato un protagonista della storia repubblicana\u201d, <\/em>ha detto il primo cittadino. <em>\u201cLa notizia della sua morte ha determinato un profondo dolore nella nostra comunit\u00e0, ieri sera erano in tanti ad aspettare il suo arrivo<\/em> \u2013 ricorda -, <em>anche oggi la camera ardente \u00e8 stata visitata da molti e in tanti stanno seguendo questa solenne messa. La scelta di Pippo di fare i funerali a Militello ha confermato questo suo legame profondo con la sua realt\u00e0 e la sua terra, anche in questa occasione non ha voluto tagliare il cordone ombelicale con la sua citt\u00e0\u201d.<\/em><\/p>\n<h3><strong>SALVO LA ROSA \u201cHA SAPUTO UNIRE PAROLA, PASSIONE E UMANITA&#8217;\u201d<\/strong><\/h3>\n<p>\u201cSignore, ti affidiamo tutti coloro che operano nel mondo della comunicazione, dell\u2019arte e dello spettacolo. Dona loro di vivere il proprio talento come servizio agli altri, con autenticit\u00e0, garbo e rispetto. Fa\u2019 che sull\u2019esempio di Pippo, amico e maestro che ha saputo unire parola, passione e umanit\u00e0, diventino strumento di verit\u00e0, di amore, di bellezza e di speranza, preghiamo\u201d. Cos\u00ec il conduttore televisivo<strong> Salvo La Rosa<\/strong>, nel corso della preghiera dei fedeli in occasione dei funerali di Pippo Baudo, nella chiesa di Santa Maria della Stella a Militello in Val di Catania.<\/p>\n<h3><strong>IL RACCONTO DI UNA GIORNATA DI COMMOZIONE E CORDOGLIO<\/strong><\/h3>\n<p>Il carro funebre che portava la salma era giunto nel paese che ha dato i natali al presentatore poco dopo la mezzanotte. Nonostante l\u2019orario la gente era in piazza ad attendere l\u2019auto che aveva fatto il lungo tragitto da Roma. Una Maserati come carro funebre per l\u2019ultimo viaggio. L\u2019arrivo del feretro \u00e8 stato accompagnato da un lungo applauso dei presenti. Intorno alle 9 \u00e8 stata aperta nella chiesa di Santa Maria della Stella la camera ardente ed \u00e8 rimasta aperta sino alle 13. Ad aprire le porte del Santuario \u00e8 stato Don Giuseppe Luparello<strong>. Moltissime le persone che hanno dato l\u2019ultimo saluto al presentatore, provenienti dalla Sicilia ma anche da altre parti d\u2019Italia.\u00a0<\/strong><\/p>\n<p>Il sindaco Giovanni Burtone ha proclamato per domani il lutto cittadino, disponendo l\u2019esposizione a mezz\u2019asta delle bandiere su tutti gli edifici comunali, in segno di lutto e il divieto di ogni spettacolo e attivit\u00e0 ludica in luoghi pubblici o aperti al pubblico. In occasione della prossima seduta del Consiglio comunale, inoltre, sar\u00e0 osservato un minuto di silenzio.<\/p>\n<div style=\"width: 640px;\" class=\"wp-video\"><video class=\"wp-video-shortcode\" id=\"video-568435-5\" width=\"640\" height=\"360\" preload=\"metadata\" controls=\"controls\"><source type=\"video\/mp4\" src=\"https:\/\/video.italpress.com\/storage\/news\/video\/2025\/8\/f0ad2237dff9433d93cf6bc89f3feb59b0437c6d.mp4?_=5\"><\/source><a href=\"https:\/\/video.italpress.com\/storage\/news\/video\/2025\/8\/f0ad2237dff9433d93cf6bc89f3feb59b0437c6d.mp4\">https:\/\/video.italpress.com\/storage\/news\/video\/2025\/8\/f0ad2237dff9433d93cf6bc89f3feb59b0437c6d.mp4<\/a><\/video><\/div>\n<h3><strong>IL FIGLIO ALESSANDRO \u201cNE CONSERVO RICORDI BELLISSIMI\u201d<\/strong><\/h3>\n<p><em>\u201cSar\u00f2 in chiesa a salutare mio padre, nella sua Militello. Un luogo speciale a cui \u00e8 sempre stato legato da un affetto profondo e sincero. Anni addietro pap\u00e0 mi ci ha condotto, all\u2019epoca mio figlio Sean era un bambino che attraverso i racconti del nonno si appassionava alle meraviglie della sua terra d\u2019origine. Ne conservo ricordi bellissimi che porter\u00f2 sempre con me\u201d.<\/em> Queste le parole di <strong>Alessandro Baudo, appena arrivato dall\u2019Australia, per presenziare oggi alle esequie del padre Pippo Baudo.<\/strong><em> \u201cLa triste notizia mi ha raggiunto mentre mi trovavo in Australia, paese in cui vivo. Da Melbourne ero appena partito per andare a trovare mio figlio Sean e i nipotini che vivono a Brisbane. Mi rammarica il fatto che mio padre non abbia potuto conoscere i suoi due ultimi nipoti\u201d,<\/em> aggiunge.<em> \u201cCi vedevamo poco ma io gli ho sempre voluto bene. Proprio in questi giorni di grande tristezza ho rivisto tante volte un video amatoriale che ci ritrae tutti insieme in Sicilia, pap\u00e0 abbraccia con affetto mio figlio Sean, ancora piccolo, mentre gli insegna alcune parole in italiano\u201d,<\/em> conclude.<\/p>\n<h3><strong>SINDACO MILITELLO \u201cBAUDO PARLAVA DEL SUD CON SCHIENA DRITTA E TESTA ALTA\u201d<\/strong><\/h3>\n<p><em><strong>\u201cPippo Baudo parlava del Sud non con il cappello in mano ma con la schiena dritta e a testa alta\u201d.<\/strong> <\/em>Lo ha detto il <strong>sindaco di Militello in Val di Catania, Giovanni Burtone,<\/strong> parlando con i giornalisti davanti alla Chiesa di Santa Maria della Stella, dove \u00e8 stata aperta stamani la camera ardente per Pippo Baudo e nel pomeriggio si terranno i funerali. Burtone ha sottolineato la <em>\u201csobriet\u00e0 e riservatezza\u201d<\/em> di Baudo, che<em> \u201cnon inseguiva il divismo\u201d.<\/em><\/p>\n<div style=\"width: 640px;\" class=\"wp-video\"><video class=\"wp-video-shortcode\" id=\"video-568435-6\" width=\"640\" height=\"360\" preload=\"metadata\" controls=\"controls\"><source type=\"video\/mp4\" src=\"https:\/\/video.italpress.com\/storage\/news\/video\/2025\/8\/9652d53f33dd5f4edc9b92c3092bacd532ecf12a.mp4?_=6\"><\/source><a href=\"https:\/\/video.italpress.com\/storage\/news\/video\/2025\/8\/9652d53f33dd5f4edc9b92c3092bacd532ecf12a.mp4\">https:\/\/video.italpress.com\/storage\/news\/video\/2025\/8\/9652d53f33dd5f4edc9b92c3092bacd532ecf12a.mp4<\/a><\/video><\/div>\n<h3><strong>LA RUSSA \u201cL\u2019ITALIA NON LO DIMENTICHERA&#8217;\u201d<\/strong><\/h3>\n<p><em>\u201cHo fatto poca strada per arrivare qui perch\u00e9 ero sull\u2019Etna, ma ne avrei fatta molta di<\/em><br \/><em>pi\u00f9 per ricordarlo. La prima volta che ho sentito il suo nome avevo 8 anni, l\u2019ho scoperto a quell\u2019et\u00e0, dopo lo ha scoperto tutta Italia e non lo dimenticher\u00e0\u201d.<\/em> Cos\u00ec il presidente del Senato, Ignazio La Russa, arrivando ai funerali di Pippo Baudo a Militello, in diretta allo Speciale Tg1.<\/p>\n<h3><strong>MAZZI \u201cMI AIUTO\u2019 QUANDO MI OCCUPAI DI SANREMO\u201d<\/strong><\/h3>\n<p>\u201c<em>Ho avuto modo di collaborare con lui: per me oggi era doveroso essere qui come rappresentante del governo e come amico personale suo e della famiglia. Voglio ricordarlo con un sorriso: se lui ci vedesse, vorrebbe che sorridessimo\u201d.<\/em> Lo sottolinea il sottosegretario alla Cultura Gianmarco <strong>Mazzi<\/strong> a Militello in Val di Catania per i funerali di Pippo Baudo. <em>\u201cOggi siamo qua a ricordare la persona pi\u00f9 che il personaggio<\/em> \u2013 continua Mazzi -.<em> \u00c8 stato detto tanto dell\u2019artista, ma non basta mai perch\u00e9 chi l\u2019ha conosciuto o ha avuto modo di lavorarci sa quanto fosse veramente fenomenale. Io l\u2019ho conosciuto nel 1981, di ricordi insieme ne ho tantissimi: quando iniziai a occuparmi del Festival di Sanremo, nel 2004 e nel 2005, andai a chiedergli dei consigli e quello che mi disse mi aiut\u00f2 molto nel mio percorso professionale. Lui era un grande ideatore di eventi e spettacoli, ma era anche un costruttore, un produttore, un realizzatore: era quella la sua grandezza\u201d.<\/em><\/p>\n<div style=\"width: 640px;\" class=\"wp-video\"><video class=\"wp-video-shortcode\" id=\"video-568435-7\" width=\"640\" height=\"360\" preload=\"metadata\" controls=\"controls\"><source type=\"video\/mp4\" src=\"https:\/\/video.italpress.com\/storage\/news\/video\/2025\/8\/715a3df3f578c85f78de9d6055588cd268fc250e.mp4?_=7\"><\/source><a href=\"https:\/\/video.italpress.com\/storage\/news\/video\/2025\/8\/715a3df3f578c85f78de9d6055588cd268fc250e.mp4\">https:\/\/video.italpress.com\/storage\/news\/video\/2025\/8\/715a3df3f578c85f78de9d6055588cd268fc250e.mp4<\/a><\/video><\/div>\n<h3><strong>GUARDI\u2019 \u201cMI HA INVENTATO LUI\u201d<\/strong><\/h3>\n<p><em> \u201cPippo Baudo era uno che puntava sempre sui giovani: diceva sempre \u2018l\u2019ho inventato io\u2019, io sono uno di quelli che lui ha inventato. Il suo testamento morale \u00e8 il rispetto sia per il pubblico sia per chi sta a casa: lui rispettava tanto i telespettatori, voleva che si parlasse sempre in maniera chiara\u201d<\/em>. Cos\u00ec il regista Michele <strong>Guard\u00ec<\/strong> a Militello Val di Catania per i funerali di Pippo Baudo.<\/p>\n<div style=\"width: 640px;\" class=\"wp-video\"><video class=\"wp-video-shortcode\" id=\"video-568435-8\" width=\"640\" height=\"360\" preload=\"metadata\" controls=\"controls\"><source type=\"video\/mp4\" src=\"https:\/\/video.italpress.com\/storage\/news\/video\/2025\/8\/98c43ba04682b085b12d9000b968c6339820bb01.mp4?_=8\"><\/source><a href=\"https:\/\/video.italpress.com\/storage\/news\/video\/2025\/8\/98c43ba04682b085b12d9000b968c6339820bb01.mp4\">https:\/\/video.italpress.com\/storage\/news\/video\/2025\/8\/98c43ba04682b085b12d9000b968c6339820bb01.mp4<\/a><\/video><\/div>\n<p>-Foto IPA Agency-<br \/>\n(ITALPRESS).<\/p>\n<\/div>\n","protected":false},"excerpt":{"rendered":"<p>CATANIA (ITALPRESS) \u2013 Terminati i funerali di Pippo Baudo nella sua Militello. Volti commossi e un lungo applauso all\u2019interno della chiesa, nella piazza antistante e nelle strade limitrofe, dove quasi 5mila persone hanno seguito dai maxischermi le esequie del re della televisione italiana e reso omaggio all\u2019uomo che per oltre 60 anni \u00e8 entrato nelle [&hellip;]<\/p>\n","protected":false},"author":18,"featured_media":248298,"comment_status":"closed","ping_status":"closed","sticky":false,"template":"","format":"standard","meta":{"ub_ctt_via":"","_mi_skip_tracking":false},"categories":[6,2449],"tags":[783],"featured_image_src":"https:\/\/www.messinaoggi.it\/website\/wp-content\/uploads\/2025\/08\/Baudo-2-1.jpg","author_info":{"display_name":"Admin","author_link":"https:\/\/www.messinaoggi.it\/website\/author\/admin\/"},"digistream_id":0,"digistream":false,"_links":{"self":[{"href":"https:\/\/www.messinaoggi.it\/website\/wp-json\/wp\/v2\/posts\/248297"}],"collection":[{"href":"https:\/\/www.messinaoggi.it\/website\/wp-json\/wp\/v2\/posts"}],"about":[{"href":"https:\/\/www.messinaoggi.it\/website\/wp-json\/wp\/v2\/types\/post"}],"author":[{"embeddable":true,"href":"https:\/\/www.messinaoggi.it\/website\/wp-json\/wp\/v2\/users\/18"}],"replies":[{"embeddable":true,"href":"https:\/\/www.messinaoggi.it\/website\/wp-json\/wp\/v2\/comments?post=248297"}],"version-history":[{"count":1,"href":"https:\/\/www.messinaoggi.it\/website\/wp-json\/wp\/v2\/posts\/248297\/revisions"}],"predecessor-version":[{"id":248351,"href":"https:\/\/www.messinaoggi.it\/website\/wp-json\/wp\/v2\/posts\/248297\/revisions\/248351"}],"wp:featuredmedia":[{"embeddable":true,"href":"https:\/\/www.messinaoggi.it\/website\/wp-json\/wp\/v2\/media\/248298"}],"wp:attachment":[{"href":"https:\/\/www.messinaoggi.it\/website\/wp-json\/wp\/v2\/media?parent=248297"}],"wp:term":[{"taxonomy":"category","embeddable":true,"href":"https:\/\/www.messinaoggi.it\/website\/wp-json\/wp\/v2\/categories?post=248297"},{"taxonomy":"post_tag","embeddable":true,"href":"https:\/\/www.messinaoggi.it\/website\/wp-json\/wp\/v2\/tags?post=248297"}],"curies":[{"name":"wp","href":"https:\/\/api.w.org\/{rel}","templated":true}]}}