{"id":248270,"date":"2025-08-20T10:45:31","date_gmt":"2025-08-20T08:45:31","guid":{"rendered":"https:\/\/www.messinaoggi.it\/website\/2025\/08\/20\/addio-a-pippo-baudo-aperta-la-camera-ardente-a-militello-in-val-di-catania-nel-pomeriggio-i-funerali\/"},"modified":"2025-08-20T10:45:31","modified_gmt":"2025-08-20T08:45:31","slug":"addio-a-pippo-baudo-aperta-la-camera-ardente-a-militello-in-val-di-catania-nel-pomeriggio-i-funerali","status":"publish","type":"post","link":"https:\/\/www.messinaoggi.it\/website\/2025\/08\/20\/addio-a-pippo-baudo-aperta-la-camera-ardente-a-militello-in-val-di-catania-nel-pomeriggio-i-funerali\/","title":{"rendered":"Addio a Pippo Baudo, aperta la camera ardente a Militello in Val di Catania: nel pomeriggio i funerali"},"content":{"rendered":"<div>\n<p>CATANIA (ITALPRESS) \u2013 <strong>Militello in Val di Catania<\/strong> si prepara a dare l\u2019ultimo saluto al suo \u201cfiglio\u201d pi\u00f9 illustre, il conduttore televisivo<strong> Pippo Baudo<\/strong>, morto sabato scorso all\u2019et\u00e0 di 89 anni. <strong>Il carro funebre che portava la salma \u00e8 giunto nel paese che ha dato i natali al presentatore poco dopo la mezzanotte.<\/strong> Nonostante l\u2019orario la gente era in piazza ad attendere l\u2019auto che aveva fatto il lungo tragitto da Roma. Una Maserati come carro funebre per l\u2019ultimo viaggio. L\u2019arrivo del feretro \u00e8 stato accompagnato da un lungo applauso dei presenti.<div id=\"div-gpt-ad-Messinaoggi.it-DSK-300x250-corpoart\" style=\"text-align:center;margin:0 auto;\"><\/div><\/p>\n<p>Intorno alle 9 \u00e8 stata aperta nella chiesa di Santa Maria della Stella la camera ardente che rimarr\u00e0 aperta sino alle 13. Ad aprire le porte del Santuario \u00e8 stato Don Giuseppe Luparello<strong>. Sono gi\u00e0 moltissime le persone in fila per l\u2019ultimo saluto al presentatore.<\/strong><div id=\"videoincontent\" style=\"clear:both\";><\/div><\/p>\n<p><strong> Nel pomeriggio, a partire dalle 16, si svolgeranno i funerali del Pippo nazionale.<\/strong> All\u2019interno della chiesa potranno accedere 300 persone. Cos\u00ec, in piazza sar\u00e0 allestito un maxischermo, che consentir\u00e0 ad altre 2 mila persone di assistere alla funzione religiosa. La Rai seguir\u00e0 con ampie dirette l\u2019omaggio al popolare presentatore nella camera ardente e la cerimonia funebre. Trenitalia ha gi\u00e0 potenziato l\u2019offerta commerciale con bus nelle stazioni di Catania centrale, Militello e Gela per permettere gli spostamenti.<\/p>\n<p>Ad officiare la funzione religiosa sar\u00e0 il vescovo di Caltagirone, monsignore Calogero Peri. Con lui, co-officiante, don Giuseppe Luparello, parroco del santuario di Santa Maria della Stella. L\u2019omelia toccher\u00e0 a don Giulio Albanese, il padre spirituale di Baudo. Al termine della cerimonia, il feretro di Baudo sar\u00e0 trasferito al cimitero comunale, dove verr\u00e0 tumulato nella tomba di famiglia insieme ai genitori.<\/p>\n<p>Sono attesi a Militello, tra gli altri, il <strong>presidente del Senato, Ignazio La Russa, quello della Regione Siciliana, Renato Schifani, e il ministro delle Imprese e del Made in Italy, Adolfo Urso<\/strong>, ed il sottosegretario alla Cultura Gianmarco Mazzi in rappresentanza del governo. Il sindaco Giovanni Burtone ha proclamato per domani il lutto cittadino, disponendo l\u2019esposizione a mezz\u2019asta delle bandiere su tutti gli edifici comunali, in segno di lutto e il divieto di ogni spettacolo e attivit\u00e0 ludica in luoghi pubblici o aperti al pubblico. In occasione della prossima seduta del Consiglio comunale, inoltre, sar\u00e0 osservato un minuto di silenzio.<\/p>\n<h3><strong>IL FIGLIO ALESSANDRO \u201cNE CONSERVO RICORDI BELLISSIMI\u201d<\/strong><\/h3>\n<p><em>\u201cSar\u00f2 in chiesa a salutare mio padre, nella sua Militello. Un luogo speciale a cui \u00e8 sempre stato legato da un affetto profondo e sincero. Anni addietro pap\u00e0 mi ci ha condotto, all\u2019epoca mio figlio Sean era un bambino che attraverso i racconti del nonno si appassionava alle meraviglie della sua terra d\u2019origine. Ne conservo ricordi bellissimi che porter\u00f2 sempre con me\u201d.<\/em> Queste le parole di <strong>Alessandro Baudo, appena arrivato dall\u2019Australia, per presenziare oggi alle esequie del padre Pippo Baudo.<\/strong><em> \u201cLa triste notizia mi ha raggiunto mentre mi trovavo in Australia, paese in cui vivo. Da Melbourne ero appena partito per andare a trovare mio figlio Sean e i nipotini che vivono a Brisbane. Mi rammarica il fatto che mio padre non abbia potuto conoscere i suoi due ultimi nipoti\u201d,<\/em> aggiunge.<em> \u201cCi vedevamo poco ma io gli ho sempre voluto bene. Proprio in questi giorni di grande tristezza ho rivisto tante volte un video amatoriale che ci ritrae tutti insieme in Sicilia, pap\u00e0 abbraccia con affetto mio figlio Sean, ancora piccolo, mentre gli insegna alcune parole in italiano\u201d,<\/em> conclude.<\/p>\n<p>-Foto IPA Agency-<br \/>\n(ITALPRESS).<\/p>\n<\/div>\n","protected":false},"excerpt":{"rendered":"<p>CATANIA (ITALPRESS) \u2013 Militello in Val di Catania si prepara a dare l\u2019ultimo saluto al suo \u201cfiglio\u201d pi\u00f9 illustre, il conduttore televisivo Pippo Baudo, morto sabato scorso all\u2019et\u00e0 di 89 anni. Il carro funebre che portava la salma \u00e8 giunto nel paese che ha dato i natali al presentatore poco dopo la mezzanotte. Nonostante l\u2019orario [&hellip;]<\/p>\n","protected":false},"author":18,"featured_media":248271,"comment_status":"closed","ping_status":"closed","sticky":false,"template":"","format":"standard","meta":{"ub_ctt_via":"","_mi_skip_tracking":false},"categories":[2449],"tags":[783],"featured_image_src":"https:\/\/www.messinaoggi.it\/website\/wp-content\/uploads\/2025\/08\/20250818_0126-2.jpg","author_info":{"display_name":"Admin","author_link":"https:\/\/www.messinaoggi.it\/website\/author\/admin\/"},"digistream_id":0,"digistream":false,"_links":{"self":[{"href":"https:\/\/www.messinaoggi.it\/website\/wp-json\/wp\/v2\/posts\/248270"}],"collection":[{"href":"https:\/\/www.messinaoggi.it\/website\/wp-json\/wp\/v2\/posts"}],"about":[{"href":"https:\/\/www.messinaoggi.it\/website\/wp-json\/wp\/v2\/types\/post"}],"author":[{"embeddable":true,"href":"https:\/\/www.messinaoggi.it\/website\/wp-json\/wp\/v2\/users\/18"}],"replies":[{"embeddable":true,"href":"https:\/\/www.messinaoggi.it\/website\/wp-json\/wp\/v2\/comments?post=248270"}],"version-history":[{"count":0,"href":"https:\/\/www.messinaoggi.it\/website\/wp-json\/wp\/v2\/posts\/248270\/revisions"}],"wp:featuredmedia":[{"embeddable":true,"href":"https:\/\/www.messinaoggi.it\/website\/wp-json\/wp\/v2\/media\/248271"}],"wp:attachment":[{"href":"https:\/\/www.messinaoggi.it\/website\/wp-json\/wp\/v2\/media?parent=248270"}],"wp:term":[{"taxonomy":"category","embeddable":true,"href":"https:\/\/www.messinaoggi.it\/website\/wp-json\/wp\/v2\/categories?post=248270"},{"taxonomy":"post_tag","embeddable":true,"href":"https:\/\/www.messinaoggi.it\/website\/wp-json\/wp\/v2\/tags?post=248270"}],"curies":[{"name":"wp","href":"https:\/\/api.w.org\/{rel}","templated":true}]}}