{"id":24826,"date":"2018-09-28T12:01:16","date_gmt":"2018-09-28T10:01:16","guid":{"rendered":"http:\/\/www.messinaoggi.it\/website\/?p=24826"},"modified":"2018-09-28T12:01:16","modified_gmt":"2018-09-28T10:01:16","slug":"mastroeni-cgil-contro-de-luca-stile-basso-che-offende-la-citta","status":"publish","type":"post","link":"https:\/\/www.messinaoggi.it\/website\/2018\/09\/28\/mastroeni-cgil-contro-de-luca-stile-basso-che-offende-la-citta\/","title":{"rendered":"Mastroeni (Cgil) contro De Luca: &quot;Stile basso che offende la citt\u00e0&quot;"},"content":{"rendered":"<p style=\"font-weight: 400;\">\u201cAvendo gi\u00e0 espresso il giudizio fortemente negativo sull\u2019operato dell\u2019attuale Amministrazione della citt\u00e0 di Messina ora avverto un particolare fastidio per le dichiarazioni del sindaco che inseriscono nella dialettica politica e sociale messinese uno stile di bassissimo profilo che offende l\u2019intelligenza dei cittadini\u201d, dichiara il segretario generale della Cgil Messina Giovanni Mastroeni sulle esternazioni via social del sindaco.<div id=\"div-gpt-ad-Messinaoggi.it-DSK-300x250-corpoart\" style=\"text-align:center;margin:0 auto;\"><\/div><\/p>\n<p style=\"font-weight: 400;\">La Cgil e il sindacato tutto, sui 92 posti di lavoro persi per scelte dell\u2019Amministrazione comunale e sulle preannunciate dallo stesso sindaco chiusure e ridimensionamenti delle aziende partecipate Atm, Amam, MessinaServizi con il relativo taglio di personale e di altri servizi quali mensa, pulizie oltre che sull\u2019attacco continuo ai dipendenti comunali, metter\u00e0 in campo una dura azione di mobilitazione senza precedenti\u00a0per difendere tutti i posti di lavoro e per contrastare una macelleria sociale.<div id=\"videoincontent\" style=\"clear:both\";><\/div><\/p>\n<p style=\"font-weight: 400;\">La Cgil respinge con forza il clima creato dal sindaco contro i lavoratori (definiti tutti fannulloni e assunti illegalmente) e respinge le gravissime e farneticanti accuse mosse al sindacato. La Cgil ha la propria storia conosciuta da tutti, come il sindaco De Luca ha la propria storia conosciuta da tutti.<\/p>\n<p style=\"font-weight: 400;\">\u201cMessina \u2013 sottolinea Mastroeni &#8211; sta attraversando da lungo tempo una fase di profonda crisi economica e sociale che pu\u00f2 essere superata solo attraverso un clima e un confronto fra i vari soggetti istituzionali politici sociali e professionali totalmente diverso da quello costruito dall\u2019attuale sindaco che porter\u00e0 solo ad un abbassamento della qualit\u00e0 del dibattito e a una forte accentuazione della crisi della comunit\u00e0 messinese.<\/p>\n<p style=\"font-weight: 400;\">Il sindacato si augura vivamente, per il bene della citt\u00e0, che si chiuda immediatamente quest\u2019assurda fase fatta solo di annunci, odio sociale e divisioni e si apra a partire dall\u2019appuntamento dell\u20191 ottobre a Palazzo Zanca,\u00a0pur nell\u2019anomalia della composizione della platea convocata, un vero percorso di confronto complessivo che guardi al futuro e metta assieme tutte le idee, le progettualit\u00e0 che possono con le gradualit\u00e0 necessarie costruire azioni di sviluppo e di lavoro per Messina&#8221;.<\/p>\n","protected":false},"excerpt":{"rendered":"<p>\u201cAvendo gi\u00e0 espresso il giudizio fortemente negativo sull\u2019operato dell\u2019attuale Amministrazione della citt\u00e0 di Messina ora avverto un particolare fastidio per le dichiarazioni del sindaco che inseriscono nella dialettica politica e sociale messinese uno stile di bassissimo profilo che offende l\u2019intelligenza dei cittadini\u201d, dichiara il segretario generale della Cgil Messina Giovanni Mastroeni sulle esternazioni via social [&hellip;]<\/p>\n","protected":false},"author":4,"featured_media":2207,"comment_status":"closed","ping_status":"open","sticky":false,"template":"","format":"standard","meta":{"ub_ctt_via":"","_mi_skip_tracking":false},"categories":[6],"tags":[],"featured_image_src":"https:\/\/www.messinaoggi.it\/website\/wp-content\/uploads\/2017\/06\/Giovanni-Mastroeni-segretario-cgil-2.jpg","author_info":{"display_name":"redme","author_link":"https:\/\/www.messinaoggi.it\/website\/author\/redme\/"},"digistream_id":0,"digistream":false,"_links":{"self":[{"href":"https:\/\/www.messinaoggi.it\/website\/wp-json\/wp\/v2\/posts\/24826"}],"collection":[{"href":"https:\/\/www.messinaoggi.it\/website\/wp-json\/wp\/v2\/posts"}],"about":[{"href":"https:\/\/www.messinaoggi.it\/website\/wp-json\/wp\/v2\/types\/post"}],"author":[{"embeddable":true,"href":"https:\/\/www.messinaoggi.it\/website\/wp-json\/wp\/v2\/users\/4"}],"replies":[{"embeddable":true,"href":"https:\/\/www.messinaoggi.it\/website\/wp-json\/wp\/v2\/comments?post=24826"}],"version-history":[{"count":0,"href":"https:\/\/www.messinaoggi.it\/website\/wp-json\/wp\/v2\/posts\/24826\/revisions"}],"wp:featuredmedia":[{"embeddable":true,"href":"https:\/\/www.messinaoggi.it\/website\/wp-json\/wp\/v2\/media\/2207"}],"wp:attachment":[{"href":"https:\/\/www.messinaoggi.it\/website\/wp-json\/wp\/v2\/media?parent=24826"}],"wp:term":[{"taxonomy":"category","embeddable":true,"href":"https:\/\/www.messinaoggi.it\/website\/wp-json\/wp\/v2\/categories?post=24826"},{"taxonomy":"post_tag","embeddable":true,"href":"https:\/\/www.messinaoggi.it\/website\/wp-json\/wp\/v2\/tags?post=24826"}],"curies":[{"name":"wp","href":"https:\/\/api.w.org\/{rel}","templated":true}]}}