{"id":248226,"date":"2025-08-19T20:30:34","date_gmt":"2025-08-19T18:30:34","guid":{"rendered":"https:\/\/www.messinaoggi.it\/website\/2025\/08\/19\/militello-in-val-di-catania-si-prepara-a-dare-lultimo-saluto-a-pippo-baudo\/"},"modified":"2025-08-19T20:30:34","modified_gmt":"2025-08-19T18:30:34","slug":"militello-in-val-di-catania-si-prepara-a-dare-lultimo-saluto-a-pippo-baudo","status":"publish","type":"post","link":"https:\/\/www.messinaoggi.it\/website\/2025\/08\/19\/militello-in-val-di-catania-si-prepara-a-dare-lultimo-saluto-a-pippo-baudo\/","title":{"rendered":"Militello in Val di Catania si prepara a dare l\u2019ultimo saluto a Pippo Baudo"},"content":{"rendered":"<div>\n<p>CATANIA (ITALPRESS) \u2013 <strong>Militello in Val di Catania<\/strong> si prepara a dare l\u2019ultimo saluto al suo <em>\u201cfiglio\u201d<\/em> pi\u00f9 illustre, il <strong>conduttore televisivo Pippo Baudo,<\/strong> scomparso all\u2019<strong>et\u00e0 di 89 anni<\/strong> la sera di sabato scorso, in una vera e propria coincidenza per quello che era il suo mestiere, avendo condotto diversi show in tv proprio il sabato sera.<div id=\"div-gpt-ad-Messinaoggi.it-DSK-300x250-corpoart\" style=\"text-align:center;margin:0 auto;\"><\/div><\/p>\n<p><strong>I funerali saranno celebrati domani, alle 16,<\/strong> nel Santuario di Santa Maria della Stella, nella sua Militello, il luogo in cui \u00e8 nato e per il quale \u00e8 stato ambasciatore nel corso di tutta la sua vita. A officiarli sar\u00e0 il vescovo di Caltagirone, monsignor Calogero Peri. Gli ingressi saranno contingentati. <strong>All\u2019interno della chiesa potranno accedere 300 persone persone. Cos\u00ec, in piazza sar\u00e0 allestito un maxischermo, che consentir\u00e0 ad altre 2 mila persone di assistere alla funzione religiosa.<\/strong><div id=\"videoincontent\" style=\"clear:both\";><\/div><\/p>\n<p>La Rai, gi\u00e0 dal mattino, dalle 8 e fino alle 18.30, seguir\u00e0 con ampie dirette l\u2019omaggio al popolare presentatore nella camera ardente e la cerimonia funebre. Trenitalia ha gi\u00e0 potenziato l\u2019offerta commerciale con bus nelle stazioni di Catania centrale, Militello e Gela per permettere gli spostamenti. A darne notizia l<strong>\u2018assessore regionale alle Infrastrutture, Alessandro Aric\u00f2<\/strong>: <em>\u201cIn occasione delle esequie di Pippo Baudo, la Regione, d\u2019intesa con Trenitalia, ha voluto garantire un servizio di trasporto adeguato per consentire, a quanti vorranno, di partecipare in modo ordinato e sicuro. \u00c8 un sentito e doveroso atto di rispetto verso un grande figlio della nostra terra: il compianto presentatore ha rappresentato un patrimonio unico per la Sicilia e per l\u2019Italia intera\u201d.\u00a0<\/em><\/p>\n<p>Intanto, chiusa la camera ardente al Teatro delle Vittorie a Roma, le spoglie di Pippo Baudo hanno cominciato il loro viaggio verso la Sicilia. Il feretro dovr\u00e0 percorrere circa 850 chilometri in auto per raggiungere in serata il Santuario, a Militello. Qui sar\u00e0 allestita una camera ardente, a partire dalle ore 9 e fino alle 13. La chiesa riaprir\u00e0 poi alle 15.30 per consentire l\u2019ingresso ai familiari, alle autorit\u00e0, ai colleghi artisti e ai giornalisti accreditati per assistere ai funerali.<\/p>\n<p>I cittadini potranno accedere nel limite dei rimanenti posti disponibili. Al termine della cerimonia, il feretro di Baudo sar\u00e0 trasferito al cimitero comunale, dove verr\u00e0 tumulato nella tomba di famiglia insieme ai genitori. Sono attesi a Militello, tra gli altri, il<strong> presidente del Senato, Ignazio La Russa, quello della Regione Siciliana, Renato Schifani, e il ministro delle Imprese e del Made in Italy, Adolfo Urso. <\/strong><\/p>\n<p>Il sindaco Giovanni Burtone ha proclamato per domani il lutto cittadino, disponendo l\u2019esposizione a mezz\u2019asta delle bandiere su tutti gli edifici comunali, in segno di lutto e il divieto di ogni spettacolo e attivit\u00e0 ludica in luoghi pubblici o aperti al pubblico. In occasione della prossima seduta del Consiglio comunale, inoltre, sar\u00e0 osservato un minuto di silenzio. <em>\u201cPippo Baudo<\/em> \u2013 sottolinea Burtone \u2013 <em>aveva un rapporto profondo e indissolubile con Militello, un rapporto che non si chiuder\u00e0 certo con la sua morte. E\u2019 un nostro impegno definire qualcosa che lo ricordi\u201d.<\/em><\/p>\n<p>-Foto IPA Agency-<br \/>\n(ITALPRESS).<\/p>\n<\/div>\n","protected":false},"excerpt":{"rendered":"<p>CATANIA (ITALPRESS) \u2013 Militello in Val di Catania si prepara a dare l\u2019ultimo saluto al suo \u201cfiglio\u201d pi\u00f9 illustre, il conduttore televisivo Pippo Baudo, scomparso all\u2019et\u00e0 di 89 anni la sera di sabato scorso, in una vera e propria coincidenza per quello che era il suo mestiere, avendo condotto diversi show in tv proprio il [&hellip;]<\/p>\n","protected":false},"author":18,"featured_media":248227,"comment_status":"closed","ping_status":"closed","sticky":false,"template":"","format":"standard","meta":{"ub_ctt_via":"","_mi_skip_tracking":false},"categories":[2449],"tags":[783],"featured_image_src":"https:\/\/www.messinaoggi.it\/website\/wp-content\/uploads\/2025\/08\/20250818_0126-1.jpg","author_info":{"display_name":"Admin","author_link":"https:\/\/www.messinaoggi.it\/website\/author\/admin\/"},"digistream_id":0,"digistream":false,"_links":{"self":[{"href":"https:\/\/www.messinaoggi.it\/website\/wp-json\/wp\/v2\/posts\/248226"}],"collection":[{"href":"https:\/\/www.messinaoggi.it\/website\/wp-json\/wp\/v2\/posts"}],"about":[{"href":"https:\/\/www.messinaoggi.it\/website\/wp-json\/wp\/v2\/types\/post"}],"author":[{"embeddable":true,"href":"https:\/\/www.messinaoggi.it\/website\/wp-json\/wp\/v2\/users\/18"}],"replies":[{"embeddable":true,"href":"https:\/\/www.messinaoggi.it\/website\/wp-json\/wp\/v2\/comments?post=248226"}],"version-history":[{"count":0,"href":"https:\/\/www.messinaoggi.it\/website\/wp-json\/wp\/v2\/posts\/248226\/revisions"}],"wp:featuredmedia":[{"embeddable":true,"href":"https:\/\/www.messinaoggi.it\/website\/wp-json\/wp\/v2\/media\/248227"}],"wp:attachment":[{"href":"https:\/\/www.messinaoggi.it\/website\/wp-json\/wp\/v2\/media?parent=248226"}],"wp:term":[{"taxonomy":"category","embeddable":true,"href":"https:\/\/www.messinaoggi.it\/website\/wp-json\/wp\/v2\/categories?post=248226"},{"taxonomy":"post_tag","embeddable":true,"href":"https:\/\/www.messinaoggi.it\/website\/wp-json\/wp\/v2\/tags?post=248226"}],"curies":[{"name":"wp","href":"https:\/\/api.w.org\/{rel}","templated":true}]}}