{"id":248171,"date":"2025-08-18T18:30:28","date_gmt":"2025-08-18T16:30:28","guid":{"rendered":"https:\/\/www.messinaoggi.it\/website\/2025\/08\/18\/annalisa-tardino-nuovo-commissario-dellautorita-portuale-di-sicilia-occidentale-palazzo-dorleans-annuncia-il-ricorso\/"},"modified":"2025-08-18T18:30:28","modified_gmt":"2025-08-18T16:30:28","slug":"annalisa-tardino-nuovo-commissario-dellautorita-portuale-di-sicilia-occidentale-palazzo-dorleans-annuncia-il-ricorso","status":"publish","type":"post","link":"https:\/\/www.messinaoggi.it\/website\/2025\/08\/18\/annalisa-tardino-nuovo-commissario-dellautorita-portuale-di-sicilia-occidentale-palazzo-dorleans-annuncia-il-ricorso\/","title":{"rendered":"Annalisa Tardino nuovo commissario dell\u2019Autorit\u00e0 portuale di Sicilia Occidentale, Palazzo d\u2019Orleans annuncia il ricorso"},"content":{"rendered":"<div>\n<p>PALERMO (ITALPRESS) \u2013 <strong>Annalisa Tardino \u00e8 il nuovo commissario straordinario dell\u2019Autorit\u00e0 di Sistema portuale del mare di Sicilia Occidentale. <\/strong>A nominarla il vicepremier e ministro delle Infrastrutture e dei Trasporti, Matteo Salvini, che l\u2019ha indicata come successore di Pasqualino Monti.<div id=\"div-gpt-ad-Messinaoggi.it-DSK-300x250-corpoart\" style=\"text-align:center;margin:0 auto;\"><\/div><\/p>\n<p><em>\u201cAccolgo con emozione e senso di responsabilit\u00e0 la nomina a Commissario dell\u2019Autorit\u00e0 di Sistema Portuale della Sicilia Occidentale. Un incarico che mi onora e che affronter\u00f2 con dedizione assoluta, spirito di servizio ed eleganza istituzionale. Ringrazio il Vicepremier e Ministro delle Infrastrutture Matteo Salvini per aver scelto di valorizzare: la rappresentanza di un territorio che ha voglia di riscatto, le competenze maturate nel corso della mia esperienza professionale e istituzionale, finanche in Commissione Trasporti del Parlamento Europeo, ed una donna\u201d.<\/em> Lo scrive, in una nota, Annalisa Tardino nuovo commissario dell\u2019Autorit\u00e0 portuale della Sicilia occidentale. \u201c<em>Ed \u00e8 a nome di tante donne<\/em> \u2013 prosegue -,<em> cui viene ingiustamente ed illegittimamente impedito il raggiungimento di posizioni di vertice, che non posso esimermi dal sottolineare la visione di un Ministro che infrange un altro soffitto di cristallo, senza necessit\u00e0 di uno specifico obbligo di legge che preveda quote rosa in materia. Rivolgo un sentito ringraziamento al Presidente uscente Pasqualino Monti per il lavoro svolto e per il contributo essenziale dato alla modernizzazione del sistema portuale siciliano\u201d.<\/em><div id=\"videoincontent\" style=\"clear:both\";><\/div><\/p>\n<p><em>\u201cIn un contesto strategico come quello portuale, crocevia di sviluppo, occupazione e sostenibilit\u00e0, lavorer\u00f2 per garantire continuit\u00e0 amministrativa, efficienza gestionale e sviluppo del territorio, senza compromessi n\u00e9 scorciatoie. La Sicilia occidentale merita infrastrutture moderne, aperte al mondo e capaci di valorizzare appieno le sue potenzialit\u00e0 economiche e culturali. I porti di Palermo, Termini Imerese, Trapani, Sciacca, Porto Empedocle, Licata e Gela, ciascuno con importanti virtualit\u00e0 geografiche nel Mediterraneo, contribuiranno, in linea con gli obiettivi europei, allo sviluppo armonico del territorio e strategico nell\u2019economia della nostra Regione e del sistema Italia\u201d<\/em>, conclude.<\/p>\n<h3><strong>PALAZZO D\u2019ORLEANS ANNUNCIA IL RICORSO<\/strong><\/h3>\n<p>In merito alla recente nomina della dottoressa Annalisa Tardino a commissario straordinario dell\u2019Autorit\u00e0 di sistema portuale del mare di Sicilia occidentale, Palazzo d\u2019Orl\u00e9ans comunica che, ove formalmente confermata, <em>\u201cil Governo regionale proceder\u00e0 immediatamente ad impugnare, davanti al tribunale amministrativo, il relativo provvedimento del ministero delle Infrastrutture, chiedendone la sospensione in via cautelare. La decisione \u00e8 motivata da due profili di illegittimit\u00e0 evidenti: da un lato la totale assenza di concertazione con la Regione Siciliana, in violazione delle norme che prevedono espressamente una preventiva intesa tra le parti e, dall\u2019altro, la mancanza dei requisiti soggettivi richiesti dalla normativa per l\u2019assunzione dell\u2019incarico, anche per il ruolo di commissario straordinario, che impongono una comprovata e specifica esperienza nel settore\u201d.<\/em><\/p>\n<p>\u2013 foto d\u2019archivio ufficio stampa Annalisa Tardino \u2013<\/p>\n<p>(ITALPRESS).<\/p>\n<\/div>\n","protected":false},"excerpt":{"rendered":"<p>PALERMO (ITALPRESS) \u2013 Annalisa Tardino \u00e8 il nuovo commissario straordinario dell\u2019Autorit\u00e0 di Sistema portuale del mare di Sicilia Occidentale. A nominarla il vicepremier e ministro delle Infrastrutture e dei Trasporti, Matteo Salvini, che l\u2019ha indicata come successore di Pasqualino Monti. \u201cAccolgo con emozione e senso di responsabilit\u00e0 la nomina a Commissario dell\u2019Autorit\u00e0 di Sistema Portuale [&hellip;]<\/p>\n","protected":false},"author":18,"featured_media":248172,"comment_status":"closed","ping_status":"closed","sticky":false,"template":"","format":"standard","meta":{"ub_ctt_via":"","_mi_skip_tracking":false},"categories":[2449],"tags":[783],"featured_image_src":"https:\/\/www.messinaoggi.it\/website\/wp-content\/uploads\/2025\/08\/Annalisa-Tardino-5-2.jpg","author_info":{"display_name":"Admin","author_link":"https:\/\/www.messinaoggi.it\/website\/author\/admin\/"},"digistream_id":0,"digistream":false,"_links":{"self":[{"href":"https:\/\/www.messinaoggi.it\/website\/wp-json\/wp\/v2\/posts\/248171"}],"collection":[{"href":"https:\/\/www.messinaoggi.it\/website\/wp-json\/wp\/v2\/posts"}],"about":[{"href":"https:\/\/www.messinaoggi.it\/website\/wp-json\/wp\/v2\/types\/post"}],"author":[{"embeddable":true,"href":"https:\/\/www.messinaoggi.it\/website\/wp-json\/wp\/v2\/users\/18"}],"replies":[{"embeddable":true,"href":"https:\/\/www.messinaoggi.it\/website\/wp-json\/wp\/v2\/comments?post=248171"}],"version-history":[{"count":0,"href":"https:\/\/www.messinaoggi.it\/website\/wp-json\/wp\/v2\/posts\/248171\/revisions"}],"wp:featuredmedia":[{"embeddable":true,"href":"https:\/\/www.messinaoggi.it\/website\/wp-json\/wp\/v2\/media\/248172"}],"wp:attachment":[{"href":"https:\/\/www.messinaoggi.it\/website\/wp-json\/wp\/v2\/media?parent=248171"}],"wp:term":[{"taxonomy":"category","embeddable":true,"href":"https:\/\/www.messinaoggi.it\/website\/wp-json\/wp\/v2\/categories?post=248171"},{"taxonomy":"post_tag","embeddable":true,"href":"https:\/\/www.messinaoggi.it\/website\/wp-json\/wp\/v2\/tags?post=248171"}],"curies":[{"name":"wp","href":"https:\/\/api.w.org\/{rel}","templated":true}]}}