{"id":24812,"date":"2018-09-28T10:31:25","date_gmt":"2018-09-28T08:31:25","guid":{"rendered":"http:\/\/www.messinaoggi.it\/website\/?p=24812"},"modified":"2018-09-28T10:31:25","modified_gmt":"2018-09-28T08:31:25","slug":"de-luca-mette-in-rete-la-lettera-di-dimissioni-senza-protocollo","status":"publish","type":"post","link":"https:\/\/www.messinaoggi.it\/website\/2018\/09\/28\/de-luca-mette-in-rete-la-lettera-di-dimissioni-senza-protocollo\/","title":{"rendered":"De Luca mette in rete la lettera di dimissioni&#8230; Senza protocollo"},"content":{"rendered":"<p>Il sindaco Cateno De Luca continua la sua messinscena o \u00e8 intenzionato a dimettersi. Questa mattina ha pubblicato senza protocollo la lettera di dimissioni indirizzata al segretario generale e per conoscenza al presidente del Consiglio comunale, contenente le sue dimissioni.<br \/>\nHa scelto, manco a dirlo Fb, per comunicare la sua decisione. Un altro boccone amaro per mettere alla strette il Civico consesso che denota una scorrettezza istituzionale senza precedenti. Prima di inviare la lettera al Protocollo generale del Comune, la missiva \u00e8 stata dato un pasto all&#8217;opinione pubblica attraverso i Social.<br \/>\n<img loading=\"lazy\" class=\"alignnone size-medium wp-image-24815\" src=\"http:\/\/www.messinaoggi.it\/website\/wp-content\/uploads\/2018\/09\/5D64F31A-48C7-43D5-A90B-0B8B920C2561-225x300.jpeg\" alt=\"\" width=\"225\" height=\"300\" \/><br \/>\nIl sindaco annuncia le sue dimissioni e chiede la convocazione di un Consiglio comunale per sabato 6 ottobre 2018, poi il giorno successivo cesser\u00e0 anticipatamente il suo mandato.<br \/>\nSi tratta dell&#8217;ennesima mossa tendente a mettere pressione ai consiglieri comunali affinch\u00e9 approvino il regolamento comunale? Sembrerebbe proprio di s\u00ec, altrimenti la lettera prima di renderla pubblica avrebbe dovuto protocollarla. Senza quel passaggio \u00e8 carta straccia, un rotolo di morbidezza volendo parafrasare un celebre spot pubblicitario.<div id=\"div-gpt-ad-Messinaoggi.it-DSK-300x250-corpoart\" style=\"text-align:center;margin:0 auto;\"><\/div><\/p>\n<div id=\"videoincontent\" style=\"clear:both\";><\/div>","protected":false},"excerpt":{"rendered":"<p>Il sindaco Cateno De Luca continua la sua messinscena o \u00e8 intenzionato a dimettersi. Questa mattina ha pubblicato senza protocollo la lettera di dimissioni indirizzata al segretario generale e per conoscenza al presidente del Consiglio comunale, contenente le sue dimissioni. Ha scelto, manco a dirlo Fb, per comunicare la sua decisione. Un altro boccone amaro [&hellip;]<\/p>\n","protected":false},"author":2,"featured_media":24813,"comment_status":"closed","ping_status":"open","sticky":false,"template":"","format":"standard","meta":{"ub_ctt_via":"","_mi_skip_tracking":false},"categories":[6],"tags":[],"featured_image_src":"https:\/\/www.messinaoggi.it\/website\/wp-content\/uploads\/2018\/09\/17C8CC23-0BF1-4E95-97E1-9781B96FE258.jpeg","author_info":{"display_name":"Redazione","author_link":"https:\/\/www.messinaoggi.it\/website\/author\/redazione\/"},"digistream_id":0,"digistream":false,"_links":{"self":[{"href":"https:\/\/www.messinaoggi.it\/website\/wp-json\/wp\/v2\/posts\/24812"}],"collection":[{"href":"https:\/\/www.messinaoggi.it\/website\/wp-json\/wp\/v2\/posts"}],"about":[{"href":"https:\/\/www.messinaoggi.it\/website\/wp-json\/wp\/v2\/types\/post"}],"author":[{"embeddable":true,"href":"https:\/\/www.messinaoggi.it\/website\/wp-json\/wp\/v2\/users\/2"}],"replies":[{"embeddable":true,"href":"https:\/\/www.messinaoggi.it\/website\/wp-json\/wp\/v2\/comments?post=24812"}],"version-history":[{"count":0,"href":"https:\/\/www.messinaoggi.it\/website\/wp-json\/wp\/v2\/posts\/24812\/revisions"}],"wp:featuredmedia":[{"embeddable":true,"href":"https:\/\/www.messinaoggi.it\/website\/wp-json\/wp\/v2\/media\/24813"}],"wp:attachment":[{"href":"https:\/\/www.messinaoggi.it\/website\/wp-json\/wp\/v2\/media?parent=24812"}],"wp:term":[{"taxonomy":"category","embeddable":true,"href":"https:\/\/www.messinaoggi.it\/website\/wp-json\/wp\/v2\/categories?post=24812"},{"taxonomy":"post_tag","embeddable":true,"href":"https:\/\/www.messinaoggi.it\/website\/wp-json\/wp\/v2\/tags?post=24812"}],"curies":[{"name":"wp","href":"https:\/\/api.w.org\/{rel}","templated":true}]}}