{"id":248118,"date":"2025-08-17T14:30:28","date_gmt":"2025-08-17T12:30:28","guid":{"rendered":"https:\/\/www.messinaoggi.it\/website\/2025\/08\/17\/aeronautica-militare-nella-notte-tre-interventi-con-gli-elicotteri-a-pantelleria-e-in-provincia-di-pordenone\/"},"modified":"2025-08-17T14:30:28","modified_gmt":"2025-08-17T12:30:28","slug":"aeronautica-militare-nella-notte-tre-interventi-con-gli-elicotteri-a-pantelleria-e-in-provincia-di-pordenone","status":"publish","type":"post","link":"https:\/\/www.messinaoggi.it\/website\/2025\/08\/17\/aeronautica-militare-nella-notte-tre-interventi-con-gli-elicotteri-a-pantelleria-e-in-provincia-di-pordenone\/","title":{"rendered":"Aeronautica Militare, nella notte tre interventi con gli elicotteri a Pantelleria e in provincia di Pordenone"},"content":{"rendered":"<div>\n<p>ROMA (ITALPRESS) \u2013 <strong>Notte di intensa attivit\u00e0 per gli equipaggi del 15\u00b0 Stormo dell\u2019Aeronautica Militare<\/strong>, centri di ricerca e soccorso sempre pronti ad intervenire su tutto il territorio nazionale a favore di persone in difficolt\u00e0 o in pericolo di vita.<div id=\"div-gpt-ad-Messinaoggi.it-DSK-300x250-corpoart\" style=\"text-align:center;margin:0 auto;\"><\/div><\/p>\n<p>Questa notte un elicottero HH-139B dell\u201982\u00b0 Centro SAR (Search and Rescue \u2013 Ricerca e Soccorso) dell\u2019Aeronautica Militare di base sull\u2019aeroporto di Trapani, \u00e8 intervenuto per trasportare d\u2019urgenza un <strong>infartuato e un traumatizzato<\/strong> dall\u2019isola di <strong>Pantelleria<\/strong> all\u2019ospedale di Trapani. La missione \u00e8 stata coordinata dal Comando Operazioni Aerospaziali di Poggio Renatico (Ferrara), che ha disposto il decollo dell\u2019elicottero su richiesta della Prefettura di Trapani. L\u2019equipaggio, con a bordo un medico e un infermiere dell\u2019ospedale, \u00e8 decollato per Pantelleria per la prima missione alle 23:30 circa. Raggiunto il luogo, il paziente infartuato, un uomo di 59 anni, \u00e8 stato imbarcato e trasportato immediatamente all\u2019ospedale di Trapani. Subito dopo l\u2019elicottero \u00e8 decollato nuovamente per Pantelleria per soccorrere il secondo paziente, un ragazzo di 17 anni con una frattura scomposta. La seconda missione si \u00e8 conclusa con il rilascio del giovane traumatizzato all\u2019ospedale di Trapani alle 4 del mattino, per poi rientrare in base e riprendere la prontezza di ricerca e soccorso nazionale.<div id=\"videoincontent\" style=\"clear:both\";><\/div><\/p>\n<p>Nelle stesse ore, veniva attivata dal Rescue Coordination Center del Comando Operazioni Aerospaziali di Poggio Renatico un\u2019altra missione complessa di ricerca e soccorso a favore di un escursionista disperso in montagna in <strong>zona Col Nudo, in provincia di Pordenone,<\/strong> in concorso con il Corpo Nazionale Soccorso Alpino e Speleologico. Un elicottero HH-139B dell\u201983\u00b0 Gruppo SAR \u00e8 decollato poco dopo la mezzanotte dalla base stanziale di Cervia e dopo uno scalo su una aviosuperficie limitrofa alla zona di ricerca per imbarcare due tecnici CNSAS, si \u00e8 diretto sulla zona per effettuare le ricerche del disperso. L\u2019uomo, individuato grazie al lavoro sinergico tra tutte le squadre di soccorso coinvolte nell\u2019operazione, \u00e8 stato recuperato dall\u2019equipaggio dell\u2019Aeronautica Militare con il verricello poco dopo l\u2019una di notte e rilasciato in buone condizioni di salute sulla stessa aviosuperficie di Claut da dove erano partiti i soccorsi. Dalla sua costituzione ad oggi, gli equipaggi del 15\u00b0 Stormo hanno salvato migliaia di persone in pericolo di vita.<\/p>\n<p>Lo Stormo garantisce, 24 ore su 24, 365 giorni all\u2019anno, la ricerca ed il soccorso degli equipaggi di volo in difficolt\u00e0, concorrendo inoltre ad attivit\u00e0 di pubblica utilit\u00e0 quali la ricerca di dispersi in mare o in montagna, il trasporto sanitario d\u2019urgenza di pazienti in imminente pericolo di vita ed il soccorso di traumatizzati gravi, operando anche in condizioni meteorologiche complesse. Dal 2018 il Reparto ha inoltre acquisito la capacit\u00e0 AIB (Antincendio Boschivo) contribuendo alla prevenzione e alla lotta agli incendi su tutto il territorio nazionale nell\u2019ambito del dispositivo interforze messo in campo dalla Difesa. Dal 15\u00b0 Stormo di Cervia, oltre all\u201982\u00b0 Centro SAR di Trapani, dipendono, dislocati su tutto il territorio nazionale, anche l\u201980\u00b0 Centro SAR di Decimomannu (Cagliari), l\u201983\u00b0 Gruppo Volo SAR, sito su Cervia, l\u201984\u00b0 Centro SAR di Gioia del Colle (Bari) e l\u201985\u00b0 Centro SAR di Pratica di Mare (Roma).<\/p>\n<p>\u2013 foto ufficio stampa Aeronautica Militare \u2013<\/p>\n<p>(ITALPRESS).<\/p>\n<\/div>\n","protected":false},"excerpt":{"rendered":"<p>ROMA (ITALPRESS) \u2013 Notte di intensa attivit\u00e0 per gli equipaggi del 15\u00b0 Stormo dell\u2019Aeronautica Militare, centri di ricerca e soccorso sempre pronti ad intervenire su tutto il territorio nazionale a favore di persone in difficolt\u00e0 o in pericolo di vita. Questa notte un elicottero HH-139B dell\u201982\u00b0 Centro SAR (Search and Rescue \u2013 Ricerca e Soccorso) [&hellip;]<\/p>\n","protected":false},"author":18,"featured_media":248119,"comment_status":"closed","ping_status":"closed","sticky":false,"template":"","format":"standard","meta":{"ub_ctt_via":"","_mi_skip_tracking":false},"categories":[2449],"tags":[783],"featured_image_src":"https:\/\/www.messinaoggi.it\/website\/wp-content\/uploads\/2025\/08\/Pantelleria.jpg","author_info":{"display_name":"Admin","author_link":"https:\/\/www.messinaoggi.it\/website\/author\/admin\/"},"digistream_id":0,"digistream":false,"_links":{"self":[{"href":"https:\/\/www.messinaoggi.it\/website\/wp-json\/wp\/v2\/posts\/248118"}],"collection":[{"href":"https:\/\/www.messinaoggi.it\/website\/wp-json\/wp\/v2\/posts"}],"about":[{"href":"https:\/\/www.messinaoggi.it\/website\/wp-json\/wp\/v2\/types\/post"}],"author":[{"embeddable":true,"href":"https:\/\/www.messinaoggi.it\/website\/wp-json\/wp\/v2\/users\/18"}],"replies":[{"embeddable":true,"href":"https:\/\/www.messinaoggi.it\/website\/wp-json\/wp\/v2\/comments?post=248118"}],"version-history":[{"count":0,"href":"https:\/\/www.messinaoggi.it\/website\/wp-json\/wp\/v2\/posts\/248118\/revisions"}],"wp:featuredmedia":[{"embeddable":true,"href":"https:\/\/www.messinaoggi.it\/website\/wp-json\/wp\/v2\/media\/248119"}],"wp:attachment":[{"href":"https:\/\/www.messinaoggi.it\/website\/wp-json\/wp\/v2\/media?parent=248118"}],"wp:term":[{"taxonomy":"category","embeddable":true,"href":"https:\/\/www.messinaoggi.it\/website\/wp-json\/wp\/v2\/categories?post=248118"},{"taxonomy":"post_tag","embeddable":true,"href":"https:\/\/www.messinaoggi.it\/website\/wp-json\/wp\/v2\/tags?post=248118"}],"curies":[{"name":"wp","href":"https:\/\/api.w.org\/{rel}","templated":true}]}}