{"id":248101,"date":"2025-08-17T00:30:27","date_gmt":"2025-08-16T22:30:27","guid":{"rendered":"https:\/\/www.messinaoggi.it\/website\/2025\/08\/17\/morto-pippo-baudo-schifani-la-sicilia-perde-un-figlio-illustre\/"},"modified":"2025-08-17T11:44:14","modified_gmt":"2025-08-17T09:44:14","slug":"morto-pippo-baudo-schifani-la-sicilia-perde-un-figlio-illustre","status":"publish","type":"post","link":"https:\/\/www.messinaoggi.it\/website\/2025\/08\/17\/morto-pippo-baudo-schifani-la-sicilia-perde-un-figlio-illustre\/","title":{"rendered":"Morto Pippo Baudo, Schifani \u201cLa Sicilia perde un figlio illustre\u201d"},"content":{"rendered":"<div>\n<p>ROMA (ITALPRESS) \u2013 E\u2019 morto Pippo Baudo. All\u2019et\u00e0 di 89 anni si \u00e8 spento a Roma il conduttore televisivo, autore televisivo e conduttore radiofonico italiano. All\u2019anagrafe Giuseppe Raimondo Vittorio Baudo, detto Pippo, era nato a Militello in Val di Catania il 7 giugno del 1936. Tra i presentatori pi\u00f9 conosciuti della televisione italiana, aveva esordito nei primi anni sessanta ed \u00e8 stato uno dei volti pi\u00f9 importanti della Rai.<br \/>\u00abLa scomparsa di Pippo Baudo segna la fine di un\u2019epoca della televisione italiana. Con il suo talento, la sua eleganza e la sua professionalit\u00e0 ha saputo conquistare intere generazioni di spettatori, diventando un punto di riferimento assoluto dello spettacolo e della cultura popolare. La Sicilia perde un suo figlio illustre, che non ha mai dimenticato le sue radici e ha portato con orgoglio il nome della nostra isola in tutta Italia. A nome personale e dell\u2019intero governo regionale, esprimo il pi\u00f9 profondo cordoglio alla famiglia e a quanti gli hanno voluto bene\u00bb. Lo dichiara il presidente della Regione Siciliana, Renato Schifani.<br \/>\u2013 foto Ipa agency \u2013<br \/>(ITALPRESS).<div id=\"div-gpt-ad-Messinaoggi.it-DSK-300x250-corpoart\" style=\"text-align:center;margin:0 auto;\"><\/div><\/p>\n<\/div>\n<div id=\"videoincontent\" style=\"clear:both\";><\/div>","protected":false},"excerpt":{"rendered":"<p>ROMA (ITALPRESS) \u2013 E\u2019 morto Pippo Baudo. All\u2019et\u00e0 di 89 anni si \u00e8 spento a Roma il conduttore televisivo, autore televisivo e conduttore radiofonico italiano. All\u2019anagrafe Giuseppe Raimondo Vittorio Baudo, detto Pippo, era nato a Militello in Val di Catania il 7 giugno del 1936. Tra i presentatori pi\u00f9 conosciuti della televisione italiana, aveva esordito [&hellip;]<\/p>\n","protected":false},"author":18,"featured_media":248102,"comment_status":"closed","ping_status":"closed","sticky":false,"template":"","format":"standard","meta":{"ub_ctt_via":"","_mi_skip_tracking":false},"categories":[11,2449],"tags":[783],"featured_image_src":"https:\/\/www.messinaoggi.it\/website\/wp-content\/uploads\/2025\/08\/20250816_1279.jpg","author_info":{"display_name":"Admin","author_link":"https:\/\/www.messinaoggi.it\/website\/author\/admin\/"},"digistream_id":0,"digistream":false,"_links":{"self":[{"href":"https:\/\/www.messinaoggi.it\/website\/wp-json\/wp\/v2\/posts\/248101"}],"collection":[{"href":"https:\/\/www.messinaoggi.it\/website\/wp-json\/wp\/v2\/posts"}],"about":[{"href":"https:\/\/www.messinaoggi.it\/website\/wp-json\/wp\/v2\/types\/post"}],"author":[{"embeddable":true,"href":"https:\/\/www.messinaoggi.it\/website\/wp-json\/wp\/v2\/users\/18"}],"replies":[{"embeddable":true,"href":"https:\/\/www.messinaoggi.it\/website\/wp-json\/wp\/v2\/comments?post=248101"}],"version-history":[{"count":1,"href":"https:\/\/www.messinaoggi.it\/website\/wp-json\/wp\/v2\/posts\/248101\/revisions"}],"predecessor-version":[{"id":248109,"href":"https:\/\/www.messinaoggi.it\/website\/wp-json\/wp\/v2\/posts\/248101\/revisions\/248109"}],"wp:featuredmedia":[{"embeddable":true,"href":"https:\/\/www.messinaoggi.it\/website\/wp-json\/wp\/v2\/media\/248102"}],"wp:attachment":[{"href":"https:\/\/www.messinaoggi.it\/website\/wp-json\/wp\/v2\/media?parent=248101"}],"wp:term":[{"taxonomy":"category","embeddable":true,"href":"https:\/\/www.messinaoggi.it\/website\/wp-json\/wp\/v2\/categories?post=248101"},{"taxonomy":"post_tag","embeddable":true,"href":"https:\/\/www.messinaoggi.it\/website\/wp-json\/wp\/v2\/tags?post=248101"}],"curies":[{"name":"wp","href":"https:\/\/api.w.org\/{rel}","templated":true}]}}