{"id":24809,"date":"2018-09-28T10:22:24","date_gmt":"2018-09-28T08:22:24","guid":{"rendered":"http:\/\/www.messinaoggi.it\/website\/?p=24809"},"modified":"2018-09-28T10:22:24","modified_gmt":"2018-09-28T08:22:24","slug":"la-cittadella-sportiva-ospitera-il-x-congresso-della-societa-italiana-di-attivita-motoria-e-sport","status":"publish","type":"post","link":"https:\/\/www.messinaoggi.it\/website\/2018\/09\/28\/la-cittadella-sportiva-ospitera-il-x-congresso-della-societa-italiana-di-attivita-motoria-e-sport\/","title":{"rendered":"La cittadella sportiva ospiter\u00e0 il X Congresso della Societ\u00e0 italiana di attivit\u00e0 motoria e sport"},"content":{"rendered":"<p style=\"text-align: justify; margin: 0px;\">Dal 5 al 7 <span id=\"OBJ_PREFIX_DWT46_com_zimbra_date\" class=\"Object\" role=\"link\">ottobre <\/span>l\u2019Universit\u00e0 di Messina ospiter\u00e0 il X Congresso nazionale della Societ\u00e0 Italiana di Scienze dell\u2019Attivit\u00e0 Motoria e dello Sport (SISMeS).<div id=\"div-gpt-ad-Messinaoggi.it-DSK-300x250-corpoart\" style=\"text-align:center;margin:0 auto;\"><\/div><\/p>\n<p style=\"text-align: justify; margin: 0px;\">La Cittadella sportiva sar\u00e0 teatro dell\u2019inaugurazione dei lavori e ci\u00f2 consentir\u00e0 agli ospiti di conoscere ed apprezzare la realt\u00e0 degli impianti di Unime, unici a livello nazionale. La prima sessione dei lavori (prevista nel primo pomeriggio di venerd\u00ec) e la successiva Cerimonia inaugurale si terranno all\u2019interno del Palasport, debitamente attrezzato con la collaborazione del CUS Unime. Nella stessa serata, il Comitato Organizzatore saluter\u00e0 i congressisti e gli illustri ospiti , con un Cocktail di benvenuto <span class=\"\">\u00a0<\/span>ai bordi della Piscina Olimpica. <span class=\"\">\u00a0<\/span>Nei giorni successivi i lavori congressuali proseguiranno presso il Polo didattico del Dipartimento di Ingegneria.<div id=\"videoincontent\" style=\"clear:both\";><\/div><\/p>\n<p style=\"text-align: justify; margin: 0px;\">La presidenza del Comitato organizzatore \u00e8 affidata al prof. Ludovico Magaudda, del Dipartimento di Scienze biomediche, odontoiatriche e delle immagini morfologiche e funzionali.<\/p>\n<p style=\"text-align: justify; margin: 0px;\">Il Congresso affronter\u00e0 argomenti di grande rilevanza ed attualit\u00e0, coerenti con i variegati interessi scientifici della SISMeS <span class=\"\">\u00a0<\/span>e sar\u00e0 arricchito dalle letture magistrali affidate a due illustri relatori di caratura internazionale, i proff. Giuseppe De Vito e Saverio Cinti, che tratteranno rispettivamente temi di grande interesse quali \u201cAllenamento e mantenimento della funzione neuromuscolare nell\u2019anziano\u201d e \u201cOrgano Adiposo ed esercizio fisico\u201d.<\/p>\n<p style=\"text-align: justify; margin: 0px;\">E\u2019 anche prevista una zona espositiva, dove si realizzer\u00e0 un luogo di incontro tra le aziende interessate alle tematiche sviluppate nelle 28 sessioni scientifiche e i congressisti, per un proficuo scambio di conoscenze ed informazioni.<\/p>\n","protected":false},"excerpt":{"rendered":"<p>Dal 5 al 7 ottobre l\u2019Universit\u00e0 di Messina ospiter\u00e0 il X Congresso nazionale della Societ\u00e0 Italiana di Scienze dell\u2019Attivit\u00e0 Motoria e dello Sport (SISMeS). La Cittadella sportiva sar\u00e0 teatro dell\u2019inaugurazione dei lavori e ci\u00f2 consentir\u00e0 agli ospiti di conoscere ed apprezzare la realt\u00e0 degli impianti di Unime, unici a livello nazionale. La prima sessione dei [&hellip;]<\/p>\n","protected":false},"author":2,"featured_media":3793,"comment_status":"closed","ping_status":"open","sticky":false,"template":"","format":"standard","meta":{"ub_ctt_via":"","_mi_skip_tracking":false},"categories":[7],"tags":[],"featured_image_src":"https:\/\/www.messinaoggi.it\/website\/wp-content\/uploads\/2017\/06\/universita-messina-2.jpg","author_info":{"display_name":"Redazione","author_link":"https:\/\/www.messinaoggi.it\/website\/author\/redazione\/"},"digistream_id":0,"digistream":false,"_links":{"self":[{"href":"https:\/\/www.messinaoggi.it\/website\/wp-json\/wp\/v2\/posts\/24809"}],"collection":[{"href":"https:\/\/www.messinaoggi.it\/website\/wp-json\/wp\/v2\/posts"}],"about":[{"href":"https:\/\/www.messinaoggi.it\/website\/wp-json\/wp\/v2\/types\/post"}],"author":[{"embeddable":true,"href":"https:\/\/www.messinaoggi.it\/website\/wp-json\/wp\/v2\/users\/2"}],"replies":[{"embeddable":true,"href":"https:\/\/www.messinaoggi.it\/website\/wp-json\/wp\/v2\/comments?post=24809"}],"version-history":[{"count":0,"href":"https:\/\/www.messinaoggi.it\/website\/wp-json\/wp\/v2\/posts\/24809\/revisions"}],"wp:featuredmedia":[{"embeddable":true,"href":"https:\/\/www.messinaoggi.it\/website\/wp-json\/wp\/v2\/media\/3793"}],"wp:attachment":[{"href":"https:\/\/www.messinaoggi.it\/website\/wp-json\/wp\/v2\/media?parent=24809"}],"wp:term":[{"taxonomy":"category","embeddable":true,"href":"https:\/\/www.messinaoggi.it\/website\/wp-json\/wp\/v2\/categories?post=24809"},{"taxonomy":"post_tag","embeddable":true,"href":"https:\/\/www.messinaoggi.it\/website\/wp-json\/wp\/v2\/tags?post=24809"}],"curies":[{"name":"wp","href":"https:\/\/api.w.org\/{rel}","templated":true}]}}