{"id":248068,"date":"2025-08-16T15:39:58","date_gmt":"2025-08-16T13:39:58","guid":{"rendered":"http:\/\/www.messinaoggi.it\/website\/?p=248068"},"modified":"2025-08-16T15:42:05","modified_gmt":"2025-08-16T13:42:05","slug":"vara-2025-nel-segno-della-fede-della-memoria-di-sara-campanella-e-della-festa","status":"publish","type":"post","link":"https:\/\/www.messinaoggi.it\/website\/2025\/08\/16\/vara-2025-nel-segno-della-fede-della-memoria-di-sara-campanella-e-della-festa\/","title":{"rendered":"Vara 2025: nel segno della fede, della memoria di Sara Campanella e della festa"},"content":{"rendered":"\n<p>Ieri sera, alle 18:38 in punto, Piazza Castronovo si \u00e8 trasformata in un mare di voci e colori. Al grido potente di \u201cViva Maria!\u201d, scandito da migliaia di fedeli e accompagnato da mortaretti, ha preso il via la Vara 2025, la monumentale macchina votiva che ogni Ferragosto diventa l\u2019anima della citt\u00e0.<div id=\"div-gpt-ad-Messinaoggi.it-DSK-300x250-corpoart\" style=\"text-align:center;margin:0 auto;\"><\/div><\/p>\n\n\n\n<figure class=\"wp-block-image size-large\"><img loading=\"lazy\" width=\"1024\" height=\"576\" src=\"http:\/\/www.messinaoggi.it\/website\/wp-content\/uploads\/2025\/08\/IMG-20250816-WA0016-1024x576.jpg\" alt=\"\" class=\"wp-image-248075\" srcset=\"https:\/\/www.messinaoggi.it\/website\/wp-content\/uploads\/2025\/08\/IMG-20250816-WA0016-1024x576.jpg 1024w, https:\/\/www.messinaoggi.it\/website\/wp-content\/uploads\/2025\/08\/IMG-20250816-WA0016-300x169.jpg 300w, https:\/\/www.messinaoggi.it\/website\/wp-content\/uploads\/2025\/08\/IMG-20250816-WA0016-768x432.jpg 768w, https:\/\/www.messinaoggi.it\/website\/wp-content\/uploads\/2025\/08\/IMG-20250816-WA0016-1536x864.jpg 1536w, https:\/\/www.messinaoggi.it\/website\/wp-content\/uploads\/2025\/08\/IMG-20250816-WA0016.jpg 1600w\" sizes=\"(max-width: 1024px) 100vw, 1024px\" \/><\/figure>\n\n\n\n<p>A dare il segnale di partenza \u00e8 stato don <strong>Antonello Angemi<\/strong>, cappellano della Vara, che prima di affidare il corteo alla Madonna ha voluto ricordare <strong>Sara Campanella<\/strong> e tutte le vittime di femminicidio. Un momento di silenzio e riflessione, insolito per un evento tanto festoso, che ha caricato di significato l\u2019intera processione: un messaggio forte di condanna alla violenza sulle donne, accolto con commozione dal pubblico.<div id=\"videoincontent\" style=\"clear:both\";><\/div><\/p>\n\n\n\n<h2><strong>Duemila tiratori e una citt\u00e0 intera<\/strong><\/h2>\n\n\n\n<p>Sono stati circa duemila i tiratori impegnati a muovere la Vara lungo il tradizionale percorso, tra il calore di una folla che, secondo le stime, ha superato le centomila presenze. La citt\u00e0 si \u00e8 stretta attorno al suo simbolo, trasformando il centro in un unico, ininterrotto fiume umano. Il passo \u00e8 stato lento, quasi solenne. Non solo per la mole dell\u2019imponente struttura, ma anche per la grande partecipazione che ha reso pi\u00f9 complesso il coordinamento. I primi metri, come da tradizione, sono stati segnati dalla scasata, il \u201cprimo strappo\u201d della corda: quest\u2019anno ne sono serviti due per vincere la resistenza del cippo e trovare il ritmo giusto.<\/p>\n\n\n\n<figure class=\"wp-block-image size-large\"><img loading=\"lazy\" width=\"1024\" height=\"576\" src=\"http:\/\/www.messinaoggi.it\/website\/wp-content\/uploads\/2025\/08\/IMG-20250816-WA0015-1024x576.jpg\" alt=\"\" class=\"wp-image-248074\" srcset=\"https:\/\/www.messinaoggi.it\/website\/wp-content\/uploads\/2025\/08\/IMG-20250816-WA0015-1024x576.jpg 1024w, https:\/\/www.messinaoggi.it\/website\/wp-content\/uploads\/2025\/08\/IMG-20250816-WA0015-300x169.jpg 300w, https:\/\/www.messinaoggi.it\/website\/wp-content\/uploads\/2025\/08\/IMG-20250816-WA0015-768x432.jpg 768w, https:\/\/www.messinaoggi.it\/website\/wp-content\/uploads\/2025\/08\/IMG-20250816-WA0015-1536x864.jpg 1536w, https:\/\/www.messinaoggi.it\/website\/wp-content\/uploads\/2025\/08\/IMG-20250816-WA0015.jpg 1600w\" sizes=\"(max-width: 1024px) 100vw, 1024px\" \/><\/figure>\n\n\n\n<h2>La girata e l\u2019arrivo in Duomo<\/h2>\n\n\n\n<p>Uno dei momenti pi\u00f9 attesi, la celebre girata da via Garibaldi a via I Settembre, ha richiesto tutta l\u2019abilit\u00e0 e l\u2019esperienza dei tiratori. Tra cori, incitazioni e mani tese ad aiutare, il passaggio \u00e8 stato superato senza intoppi, tra gli applausi della folla.Alle 21:31, la Vara ha fatto il suo ingresso in Piazza Duomo. L\u00ec, davanti alla Cattedrale illuminata, si \u00e8 svolto il rito del taglio delle corde: un gesto simbolico che segna la fine dello sforzo collettivo e l\u2019inizio della festa spirituale. La serata si \u00e8 chiusa con la benedizione del Vescovo e, poco dopo le 23, con uno spettacolo pirotecnico visibile da tutta la citt\u00e0 e persino dalle coste calabresi.<\/p>\n\n\n\n<figure class=\"wp-block-image size-large\"><img loading=\"lazy\" width=\"1024\" height=\"576\" src=\"http:\/\/www.messinaoggi.it\/website\/wp-content\/uploads\/2025\/08\/IMG-20250816-WA0014-1024x576.jpg\" alt=\"\" class=\"wp-image-248076\" srcset=\"https:\/\/www.messinaoggi.it\/website\/wp-content\/uploads\/2025\/08\/IMG-20250816-WA0014-1024x576.jpg 1024w, https:\/\/www.messinaoggi.it\/website\/wp-content\/uploads\/2025\/08\/IMG-20250816-WA0014-300x169.jpg 300w, https:\/\/www.messinaoggi.it\/website\/wp-content\/uploads\/2025\/08\/IMG-20250816-WA0014-768x432.jpg 768w, https:\/\/www.messinaoggi.it\/website\/wp-content\/uploads\/2025\/08\/IMG-20250816-WA0014-1536x864.jpg 1536w, https:\/\/www.messinaoggi.it\/website\/wp-content\/uploads\/2025\/08\/IMG-20250816-WA0014.jpg 1600w\" sizes=\"(max-width: 1024px) 100vw, 1024px\" \/><\/figure>\n\n\n\n<h2>Una tradizione che unisce<\/h2>\n\n\n\n<p>La Vara 2025 rester\u00e0 nella memoria non solo per i numeri record di partecipazione, ma per la carica emotiva che ha saputo trasmettere. \u00c8 stata un\u2019edizione capace di coniugare fede e attualit\u00e0, devozione e messaggio civile, memoria storica e presente.<\/p>\n\n\n\n<p>A Messina, la Vara non \u00e8 soltanto una processione: \u00e8 un patto collettivo che ogni anno si rinnova, un filo invisibile che lega generazioni diverse nello stesso grido, sempre identico e sempre nuovo: \u201cViva Maria!\u201d.<\/p>\n","protected":false},"excerpt":{"rendered":"<p>Ieri sera, alle 18:38 in punto, Piazza Castronovo si \u00e8 trasformata in un mare di voci e colori. Al grido potente di \u201cViva Maria!\u201d, scandito da migliaia di fedeli e accompagnato da mortaretti, ha preso il via la Vara 2025, la monumentale macchina votiva che ogni Ferragosto diventa l\u2019anima della citt\u00e0. A dare il segnale [&hellip;]<\/p>\n","protected":false},"author":15,"featured_media":248073,"comment_status":"open","ping_status":"open","sticky":false,"template":"","format":"standard","meta":{"ub_ctt_via":"","_mi_skip_tracking":false},"categories":[5,19],"tags":[10336,608,11635,11416,1161,11634],"featured_image_src":"https:\/\/www.messinaoggi.it\/website\/wp-content\/uploads\/2025\/08\/IMG-20250816-WA0017.jpg","author_info":{"display_name":"red.me","author_link":"https:\/\/www.messinaoggi.it\/website\/author\/red-me\/"},"digistream_id":0,"digistream":false,"_links":{"self":[{"href":"https:\/\/www.messinaoggi.it\/website\/wp-json\/wp\/v2\/posts\/248068"}],"collection":[{"href":"https:\/\/www.messinaoggi.it\/website\/wp-json\/wp\/v2\/posts"}],"about":[{"href":"https:\/\/www.messinaoggi.it\/website\/wp-json\/wp\/v2\/types\/post"}],"author":[{"embeddable":true,"href":"https:\/\/www.messinaoggi.it\/website\/wp-json\/wp\/v2\/users\/15"}],"replies":[{"embeddable":true,"href":"https:\/\/www.messinaoggi.it\/website\/wp-json\/wp\/v2\/comments?post=248068"}],"version-history":[{"count":5,"href":"https:\/\/www.messinaoggi.it\/website\/wp-json\/wp\/v2\/posts\/248068\/revisions"}],"predecessor-version":[{"id":248077,"href":"https:\/\/www.messinaoggi.it\/website\/wp-json\/wp\/v2\/posts\/248068\/revisions\/248077"}],"wp:featuredmedia":[{"embeddable":true,"href":"https:\/\/www.messinaoggi.it\/website\/wp-json\/wp\/v2\/media\/248073"}],"wp:attachment":[{"href":"https:\/\/www.messinaoggi.it\/website\/wp-json\/wp\/v2\/media?parent=248068"}],"wp:term":[{"taxonomy":"category","embeddable":true,"href":"https:\/\/www.messinaoggi.it\/website\/wp-json\/wp\/v2\/categories?post=248068"},{"taxonomy":"post_tag","embeddable":true,"href":"https:\/\/www.messinaoggi.it\/website\/wp-json\/wp\/v2\/tags?post=248068"}],"curies":[{"name":"wp","href":"https:\/\/api.w.org\/{rel}","templated":true}]}}