{"id":24806,"date":"2018-09-28T10:10:16","date_gmt":"2018-09-28T08:10:16","guid":{"rendered":"http:\/\/www.messinaoggi.it\/website\/?p=24806"},"modified":"2018-09-28T10:10:16","modified_gmt":"2018-09-28T08:10:16","slug":"sicuri-che-de-luca-il-sindaco-lo-sappia-fare","status":"publish","type":"post","link":"https:\/\/www.messinaoggi.it\/website\/2018\/09\/28\/sicuri-che-de-luca-il-sindaco-lo-sappia-fare\/","title":{"rendered":"Sicuri che De Luca il sindaco lo sappia fare?"},"content":{"rendered":"<p style=\"text-align: justify;\">Due giorni e sapremo se Cateno De Luca si dimetter\u00e0. Domenica sera a piazza Municipio si consumer\u00e0 l\u2019ennesimo atto di una deplorevole sceneggiata? O la far\u00e0 davvero?<div id=\"div-gpt-ad-Messinaoggi.it-DSK-300x250-corpoart\" style=\"text-align:center;margin:0 auto;\"><\/div><\/p>\n<p style=\"text-align: justify;\">Se De Luca avesse un minimo di coerenza rassegner\u00e0 le sue dimissioni da primo cittadino: l\u2019ultimo \u201cgolpe\u201d di imporre al Consiglio comunale un regolamenti proprio non gli \u00e8 riuscito. I consiglieri comunali pare abbiano rialzato la testa dopo l\u2019ennesima richiesta. Lo slittamento della votazione della delibera che detta i tempi per lo svolgimento dell\u2019attivit\u00e0 dell\u2019aula \u00e8 stata presa come uni smacco da De Luca.<div id=\"videoincontent\" style=\"clear:both\";><\/div><\/p>\n<p style=\"text-align: justify;\">Domenica sera sapremo come andr\u00e0 a finire.<\/p>\n<p style=\"text-align: justify;\">Intanto, qualche malpensante ipotizza che il sindaco abbia intenzione di confezionare l\u2019ennesimo regalo alla citt\u00e0: dichiarare il dissesto e poi dimettersi per ricandidarsi a maggio prossimo e riprendersi in mano la citt\u00e0 con l\u2019appoggio di tutto il Consiglio comunale.<\/p>\n<p style=\"text-align: justify;\">Se cos\u00ec fosse, De Luca dimostrerebbe di non sapere fare il sindaco, di non avere alcuna capacit\u00e0 amministrativa. Anche Accorinti \u00e8 stato capace di salvare la citt\u00e0 dal baratro del dissesto e lui il sindaco non l\u2019ha saputo fare. Figurarsi di De Luca.<\/p>\n<p style=\"text-align: justify;\">L\u2019altro scenario possibile \u00e8 che il sindaco non si dimetta e si andr\u00e0 avanti cos\u00ec.<\/p>\n<p style=\"text-align: justify;\">Tanto, lui il sindaco lo sa fare. E lo dimostri.<\/p>\n","protected":false},"excerpt":{"rendered":"<p>Due giorni e sapremo se Cateno De Luca si dimetter\u00e0. Domenica sera a piazza Municipio si consumer\u00e0 l\u2019ennesimo atto di una deplorevole sceneggiata? O la far\u00e0 davvero? Se De Luca avesse un minimo di coerenza rassegner\u00e0 le sue dimissioni da primo cittadino: l\u2019ultimo \u201cgolpe\u201d di imporre al Consiglio comunale un regolamenti proprio non gli \u00e8 [&hellip;]<\/p>\n","protected":false},"author":2,"featured_media":23053,"comment_status":"closed","ping_status":"open","sticky":false,"template":"","format":"standard","meta":{"ub_ctt_via":"","_mi_skip_tracking":false},"categories":[4],"tags":[],"featured_image_src":"https:\/\/www.messinaoggi.it\/website\/wp-content\/uploads\/2018\/08\/CatenoDeLuca-1.jpg","author_info":{"display_name":"Redazione","author_link":"https:\/\/www.messinaoggi.it\/website\/author\/redazione\/"},"digistream_id":0,"digistream":false,"_links":{"self":[{"href":"https:\/\/www.messinaoggi.it\/website\/wp-json\/wp\/v2\/posts\/24806"}],"collection":[{"href":"https:\/\/www.messinaoggi.it\/website\/wp-json\/wp\/v2\/posts"}],"about":[{"href":"https:\/\/www.messinaoggi.it\/website\/wp-json\/wp\/v2\/types\/post"}],"author":[{"embeddable":true,"href":"https:\/\/www.messinaoggi.it\/website\/wp-json\/wp\/v2\/users\/2"}],"replies":[{"embeddable":true,"href":"https:\/\/www.messinaoggi.it\/website\/wp-json\/wp\/v2\/comments?post=24806"}],"version-history":[{"count":0,"href":"https:\/\/www.messinaoggi.it\/website\/wp-json\/wp\/v2\/posts\/24806\/revisions"}],"wp:featuredmedia":[{"embeddable":true,"href":"https:\/\/www.messinaoggi.it\/website\/wp-json\/wp\/v2\/media\/23053"}],"wp:attachment":[{"href":"https:\/\/www.messinaoggi.it\/website\/wp-json\/wp\/v2\/media?parent=24806"}],"wp:term":[{"taxonomy":"category","embeddable":true,"href":"https:\/\/www.messinaoggi.it\/website\/wp-json\/wp\/v2\/categories?post=24806"},{"taxonomy":"post_tag","embeddable":true,"href":"https:\/\/www.messinaoggi.it\/website\/wp-json\/wp\/v2\/tags?post=24806"}],"curies":[{"name":"wp","href":"https:\/\/api.w.org\/{rel}","templated":true}]}}