{"id":248059,"date":"2025-08-16T14:30:21","date_gmt":"2025-08-16T12:30:21","guid":{"rendered":"https:\/\/www.messinaoggi.it\/website\/2025\/08\/16\/cane-lanciato-dal-viadotto-palermo-sciacca-ferrandelli-ennesima-crudelta\/"},"modified":"2025-08-16T15:06:33","modified_gmt":"2025-08-16T13:06:33","slug":"cane-lanciato-dal-viadotto-palermo-sciacca-ferrandelli-ennesima-crudelta","status":"publish","type":"post","link":"https:\/\/www.messinaoggi.it\/website\/2025\/08\/16\/cane-lanciato-dal-viadotto-palermo-sciacca-ferrandelli-ennesima-crudelta\/","title":{"rendered":"Cane lanciato dal viadotto Palermo-Sciacca, Ferrandelli \u201cEnnesima crudelt\u00e0\u201d"},"content":{"rendered":"<div>\n<p>PALERMO (ITALPRESS) \u2013<em> \u201cStamane ho attivato tempestivamente la struttura di pronto intervento del canile municipale, dietro segnalazione della protezione civile presente in loco per servizio antincendio, al fine di recuperare un cane lanciato dal ponte della Palermo-Sciacca e precipitato in via Olio di Lino, localit\u00e0 Palermo.<\/em> Assistiamo all\u2019ennesima crudelt\u00e0 nei confronti dei nostri amici a quattro zampe, in un bimestre estivo segnato da circa 450 abbandoni, a cui stiamo tenendo testa grazie alla dedizione e all\u2019amore delle associazioni animaliste di volontariato, che coadiuvano la struttura del nostro canile municipale supportandoci nel mantenimento presso stalli personali e nelle relative procedure di adozioni. <em>Su questo episodio parte un\u2019indagine da parte del nucleo benessere animale della Polizia Municipale al fine di assicurare i responsabili di questo vile gesto alle autorit\u00e0 competenti. Non ci rassegneremo mai davanti la crudelt\u00e0 e tempestivamente porteremo soccorso l\u00ec dove necessita la nostra azione<\/em> \u2013 cos\u00ec commenta l\u2019assessore al benessere animale <strong>Fabrizio<\/strong> <strong>Ferrandelli\u00a0<\/strong>\u2013 \u201c.<div id=\"div-gpt-ad-Messinaoggi.it-DSK-300x250-corpoart\" style=\"text-align:center;margin:0 auto;\"><\/div><\/p>\n<p><em>\u201cIl cane si trova adesso presso il nostro presidio sanitario veterinario di via Tiro a Segno<\/em> \u2013 prosegue Ferrandelli -,<em> applicate le prime cure sta apparentemente bene nonostante il volo, probabilmente la vegetazione ha attutito la caduta e limitato le conseguenze e rester\u00e0 sotto osservazione. <\/em><em>Ringrazio la protezione civile, i vigili del fuoco e il servizio di pronto intervento del nostro settore benessere animale per la tempestivit\u00e0 nell\u2019azione di recupero e soccorso che anche in questo triste caso ha permesso di scongiurare il peggio\u201d.<\/em><div id=\"videoincontent\" style=\"clear:both\";><\/div><\/p>\n<p><em>\u201cLa nostra polizia municipale seguir\u00e0 con il solito zelo le indagini<\/em> \u2013 ha concluso -,<em> stiamo verificando la presenza di telecamere in loco, e chiediamo a quanti intorno alle ore 10:30 di oggi abbiano notato qualcosa o abbiano notizie utili alle indagini di contattarmi personalmente o di scrivere al nostro nucleo tramite la casella di posta spg.ba@comune.palermo.it\u201d<\/em><\/p>\n<p>\u2013 Foto Fabrizio Ferrandelli \u2013<\/p>\n<p>(ITALPRESS)<\/p>\n<\/div>\n","protected":false},"excerpt":{"rendered":"<p>PALERMO (ITALPRESS) \u2013 \u201cStamane ho attivato tempestivamente la struttura di pronto intervento del canile municipale, dietro segnalazione della protezione civile presente in loco per servizio antincendio, al fine di recuperare un cane lanciato dal ponte della Palermo-Sciacca e precipitato in via Olio di Lino, localit\u00e0 Palermo. Assistiamo all\u2019ennesima crudelt\u00e0 nei confronti dei nostri amici a [&hellip;]<\/p>\n","protected":false},"author":18,"featured_media":248060,"comment_status":"closed","ping_status":"closed","sticky":false,"template":"","format":"standard","meta":{"ub_ctt_via":"","_mi_skip_tracking":false},"categories":[11,2449],"tags":[783],"featured_image_src":"https:\/\/www.messinaoggi.it\/website\/wp-content\/uploads\/2025\/08\/cane-e1755343530528.jpg","author_info":{"display_name":"Admin","author_link":"https:\/\/www.messinaoggi.it\/website\/author\/admin\/"},"digistream_id":0,"digistream":false,"_links":{"self":[{"href":"https:\/\/www.messinaoggi.it\/website\/wp-json\/wp\/v2\/posts\/248059"}],"collection":[{"href":"https:\/\/www.messinaoggi.it\/website\/wp-json\/wp\/v2\/posts"}],"about":[{"href":"https:\/\/www.messinaoggi.it\/website\/wp-json\/wp\/v2\/types\/post"}],"author":[{"embeddable":true,"href":"https:\/\/www.messinaoggi.it\/website\/wp-json\/wp\/v2\/users\/18"}],"replies":[{"embeddable":true,"href":"https:\/\/www.messinaoggi.it\/website\/wp-json\/wp\/v2\/comments?post=248059"}],"version-history":[{"count":1,"href":"https:\/\/www.messinaoggi.it\/website\/wp-json\/wp\/v2\/posts\/248059\/revisions"}],"predecessor-version":[{"id":248066,"href":"https:\/\/www.messinaoggi.it\/website\/wp-json\/wp\/v2\/posts\/248059\/revisions\/248066"}],"wp:featuredmedia":[{"embeddable":true,"href":"https:\/\/www.messinaoggi.it\/website\/wp-json\/wp\/v2\/media\/248060"}],"wp:attachment":[{"href":"https:\/\/www.messinaoggi.it\/website\/wp-json\/wp\/v2\/media?parent=248059"}],"wp:term":[{"taxonomy":"category","embeddable":true,"href":"https:\/\/www.messinaoggi.it\/website\/wp-json\/wp\/v2\/categories?post=248059"},{"taxonomy":"post_tag","embeddable":true,"href":"https:\/\/www.messinaoggi.it\/website\/wp-json\/wp\/v2\/tags?post=248059"}],"curies":[{"name":"wp","href":"https:\/\/api.w.org\/{rel}","templated":true}]}}