{"id":247912,"date":"2025-08-13T16:15:20","date_gmt":"2025-08-13T14:15:20","guid":{"rendered":"https:\/\/www.messinaoggi.it\/website\/2025\/08\/13\/a-mondello-via-al-restyling-del-pontile-adiacente-alla-guardia-costiera\/"},"modified":"2025-08-13T16:15:20","modified_gmt":"2025-08-13T14:15:20","slug":"a-mondello-via-al-restyling-del-pontile-adiacente-alla-guardia-costiera","status":"publish","type":"post","link":"https:\/\/www.messinaoggi.it\/website\/2025\/08\/13\/a-mondello-via-al-restyling-del-pontile-adiacente-alla-guardia-costiera\/","title":{"rendered":"A Mondello via al restyling del pontile adiacente alla Guardia Costiera"},"content":{"rendered":"<div>\n<p>PALERMO (ITALPRESS) \u2013 Avviato a <strong>Mondello<\/strong>, nota localit\u00e0 balneare di Palermo, il percorso che porter\u00e0 al ripristino e alla riqualificazione del pontile adiacente agli uffici della <strong>Guardia Costiera<\/strong>.<div id=\"div-gpt-ad-Messinaoggi.it-DSK-300x250-corpoart\" style=\"text-align:center;margin:0 auto;\"><\/div><\/p>\n<p>L\u2019intervento prevede la pavimentazione dell\u2019area e il rifacimento dell\u2019impianto di pubblica illuminazione, restituendo cos\u00ec decoro e funzionalit\u00e0 a una struttura attesa da anni dalla comunit\u00e0. Il sopralluogo odierno, a cui hanno preso parte l\u2019assessore regionale alle Attivit\u00e0 Produttive <strong>Edy Tamajo<\/strong>, il presidente del GAC \u2013 Gruppo di Azione Costiera,<strong> Pietro Puccio<\/strong>, cittadini e soci della Cooperativa dei Pescatori, segna l\u2019avvio concreto dell\u2019iter operativo.<div id=\"videoincontent\" style=\"clear:both\";><\/div><\/p>\n<p>\u201cDa troppo tempo questo intervento era atteso \u2013 ha dichiarato l\u2019assessore <strong>Tamajo<\/strong> \u2013 oggi mettiamo un punto fermo: i lavori partiranno in tempi rapidi, grazie a una sinergia tra istituzioni, operatori del mare e cittadini. Restituiremo alla borgata un\u2019infrastruttura sicura, funzionale e bella, valorizzando l\u2019identit\u00e0 e le potenzialit\u00e0 del territorio\u201d.<\/p>\n<p>L\u2019obiettivo \u00e8 quello di avviare e concludere l\u2019opera nel pi\u00f9 breve tempo possibile, migliorando cos\u00ec fruibilit\u00e0 e immagine della borgata marinara, \u00e8 stato sottolineato nel corso del sopralluogo.<\/p>\n<p>\u2013 Foto Ufficio stampa Edy Tamajo \u2013<\/p>\n<p>(ITALPRESS)<\/p>\n<\/div>\n","protected":false},"excerpt":{"rendered":"<p>PALERMO (ITALPRESS) \u2013 Avviato a Mondello, nota localit\u00e0 balneare di Palermo, il percorso che porter\u00e0 al ripristino e alla riqualificazione del pontile adiacente agli uffici della Guardia Costiera. L\u2019intervento prevede la pavimentazione dell\u2019area e il rifacimento dell\u2019impianto di pubblica illuminazione, restituendo cos\u00ec decoro e funzionalit\u00e0 a una struttura attesa da anni dalla comunit\u00e0. Il sopralluogo [&hellip;]<\/p>\n","protected":false},"author":18,"featured_media":0,"comment_status":"closed","ping_status":"closed","sticky":false,"template":"","format":"standard","meta":{"ub_ctt_via":"","_mi_skip_tracking":false},"categories":[2449],"tags":[783],"featured_image_src":null,"author_info":{"display_name":"Admin","author_link":"https:\/\/www.messinaoggi.it\/website\/author\/admin\/"},"digistream_id":0,"digistream":false,"_links":{"self":[{"href":"https:\/\/www.messinaoggi.it\/website\/wp-json\/wp\/v2\/posts\/247912"}],"collection":[{"href":"https:\/\/www.messinaoggi.it\/website\/wp-json\/wp\/v2\/posts"}],"about":[{"href":"https:\/\/www.messinaoggi.it\/website\/wp-json\/wp\/v2\/types\/post"}],"author":[{"embeddable":true,"href":"https:\/\/www.messinaoggi.it\/website\/wp-json\/wp\/v2\/users\/18"}],"replies":[{"embeddable":true,"href":"https:\/\/www.messinaoggi.it\/website\/wp-json\/wp\/v2\/comments?post=247912"}],"version-history":[{"count":0,"href":"https:\/\/www.messinaoggi.it\/website\/wp-json\/wp\/v2\/posts\/247912\/revisions"}],"wp:attachment":[{"href":"https:\/\/www.messinaoggi.it\/website\/wp-json\/wp\/v2\/media?parent=247912"}],"wp:term":[{"taxonomy":"category","embeddable":true,"href":"https:\/\/www.messinaoggi.it\/website\/wp-json\/wp\/v2\/categories?post=247912"},{"taxonomy":"post_tag","embeddable":true,"href":"https:\/\/www.messinaoggi.it\/website\/wp-json\/wp\/v2\/tags?post=247912"}],"curies":[{"name":"wp","href":"https:\/\/api.w.org\/{rel}","templated":true}]}}