{"id":247846,"date":"2025-08-12T16:05:23","date_gmt":"2025-08-12T14:05:23","guid":{"rendered":"https:\/\/www.messinaoggi.it\/website\/2025\/08\/12\/ucraina-zelensky-non-consentire-alla-russia-di-ingannare-il-mondo\/"},"modified":"2025-08-12T16:05:23","modified_gmt":"2025-08-12T14:05:23","slug":"ucraina-zelensky-non-consentire-alla-russia-di-ingannare-il-mondo","status":"publish","type":"post","link":"https:\/\/www.messinaoggi.it\/website\/2025\/08\/12\/ucraina-zelensky-non-consentire-alla-russia-di-ingannare-il-mondo\/","title":{"rendered":"Ucraina, Zelensky \u201cNon consentire alla Russia di ingannare il mondo\u201d"},"content":{"rendered":"<div>KIEV (UCRAINA) (ITALPRESS) &#8211; &#8220;Sono grato ai leader europei per il loro chiaro sostegno alla nostra indipendenza, alla nostra integrit\u00e0 territoriale e per un approccio diplomatico cos\u00ec attivo che pu\u00f2 contribuire a porre fine a questa guerra con una pace dignitosa. In effetti, sosteniamo tutti la determinazione del presidente Trump e dobbiamo formare insieme posizioni che non consentano alla Russia di ingannare ancora una volta il mondo.<br \/>Vediamo che l&#8217;esercito russo non si sta preparando a porre fine alla guerra. Al contrario, \u00e8 impegnato in movimenti che indicano la preparazione di nuove operazioni offensive. In tali condizioni, \u00e8 importante che nulla minacci l&#8217;unit\u00e0 del mondo&#8221;. Cos\u00ec su Telegram il presidente ucraino Volodymyr Zelensky.<br \/>&#8220;Le questioni relative alla sicurezza dell&#8217;Ucraina e dell&#8217;Europa &#8211; aggiunge &#8211; vengono discusse da tutti noi insieme. Qualsiasi decisione deve contribuire alle capacit\u00e0 di sicurezza comuni. E la Russia deve essere ritenuta responsabile per il suo rifiuto di fermare le uccisioni. Mentre loro continuano la guerra e l&#8217;occupazione, dobbiamo tutti insieme continuare a esercitare pressione: la pressione della forza, la pressione delle sanzioni, la pressione della diplomazia. Grazie a tutti coloro che aiutano. Pace attraverso la forza&#8221;, conclude Zelensky.<div id=\"div-gpt-ad-Messinaoggi.it-DSK-300x250-corpoart\" style=\"text-align:center;margin:0 auto;\"><\/div><\/p>\n<p>&#8211; Foto IPA Agency &#8211;<div id=\"videoincontent\" style=\"clear:both\";><\/div><\/p>\n<p>(ITALPRESS).<\/p><\/div>\n","protected":false},"excerpt":{"rendered":"<p>KIEV (UCRAINA) (ITALPRESS) &#8211; &#8220;Sono grato ai leader europei per il loro chiaro sostegno alla nostra indipendenza, alla nostra integrit\u00e0 territoriale e per un approccio diplomatico cos\u00ec attivo che pu\u00f2 contribuire a porre fine a questa guerra con una pace dignitosa. In effetti, sosteniamo tutti la determinazione del presidente Trump e dobbiamo formare insieme posizioni [&hellip;]<\/p>\n","protected":false},"author":18,"featured_media":247847,"comment_status":"closed","ping_status":"closed","sticky":false,"template":"","format":"standard","meta":{"ub_ctt_via":"","_mi_skip_tracking":false},"categories":[446],"tags":[783],"featured_image_src":"https:\/\/www.messinaoggi.it\/website\/wp-content\/uploads\/2025\/08\/20250812_0853.jpg","author_info":{"display_name":"Admin","author_link":"https:\/\/www.messinaoggi.it\/website\/author\/admin\/"},"digistream_id":0,"digistream":false,"_links":{"self":[{"href":"https:\/\/www.messinaoggi.it\/website\/wp-json\/wp\/v2\/posts\/247846"}],"collection":[{"href":"https:\/\/www.messinaoggi.it\/website\/wp-json\/wp\/v2\/posts"}],"about":[{"href":"https:\/\/www.messinaoggi.it\/website\/wp-json\/wp\/v2\/types\/post"}],"author":[{"embeddable":true,"href":"https:\/\/www.messinaoggi.it\/website\/wp-json\/wp\/v2\/users\/18"}],"replies":[{"embeddable":true,"href":"https:\/\/www.messinaoggi.it\/website\/wp-json\/wp\/v2\/comments?post=247846"}],"version-history":[{"count":0,"href":"https:\/\/www.messinaoggi.it\/website\/wp-json\/wp\/v2\/posts\/247846\/revisions"}],"wp:featuredmedia":[{"embeddable":true,"href":"https:\/\/www.messinaoggi.it\/website\/wp-json\/wp\/v2\/media\/247847"}],"wp:attachment":[{"href":"https:\/\/www.messinaoggi.it\/website\/wp-json\/wp\/v2\/media?parent=247846"}],"wp:term":[{"taxonomy":"category","embeddable":true,"href":"https:\/\/www.messinaoggi.it\/website\/wp-json\/wp\/v2\/categories?post=247846"},{"taxonomy":"post_tag","embeddable":true,"href":"https:\/\/www.messinaoggi.it\/website\/wp-json\/wp\/v2\/tags?post=247846"}],"curies":[{"name":"wp","href":"https:\/\/api.w.org\/{rel}","templated":true}]}}