{"id":247838,"date":"2025-08-12T14:15:22","date_gmt":"2025-08-12T12:15:22","guid":{"rendered":"https:\/\/www.messinaoggi.it\/website\/2025\/08\/12\/gardini-lobiettivo-del-palermo-e-sognare-bigon-osti-e-inzaghi-per-vincere\/"},"modified":"2025-08-12T14:15:22","modified_gmt":"2025-08-12T12:15:22","slug":"gardini-lobiettivo-del-palermo-e-sognare-bigon-osti-e-inzaghi-per-vincere","status":"publish","type":"post","link":"https:\/\/www.messinaoggi.it\/website\/2025\/08\/12\/gardini-lobiettivo-del-palermo-e-sognare-bigon-osti-e-inzaghi-per-vincere\/","title":{"rendered":"Gardini \u201cL\u2019obiettivo del Palermo \u00e8 sognare\u201d, Bigon \u201cOsti e Inzaghi per vincere\u201d"},"content":{"rendered":"<div>\n<p>PALERMO (ITALPRESS) \u2013 <em>\u201cLa squadra, la societ\u00e0 e la citt\u00e0 hanno un obiettivo comune, sognare \u00e8 la cosa pi\u00f9 bella. Oggi \u00e8 tutto bello, poi le partite dovranno dimostrare quanto di buono abbiamo fatto in fase di preparazione della stagione. Fuori dal campo stiamo facendo cose incredibili\u201d.<\/em> Parola di Giovanni <strong>Gardini,<\/strong> amministratore delegato e direttore generale del <strong>Palermo,<\/strong> nel corso di un\u2019intervista al sito ufficiale del club di viale del Fante. Il dirigente rosanero ha anche parlato della prestigiosa amichevole disputata con il Manchester City:<em> \u201cE\u2019 stata motivo d\u2019orgoglio. Condividere la casa madre con una squadra come quella di Guardiola \u00e8 uno step ulteriore di crescita. La dimensione del Palermo \u00e8 in divenire, ricordiamoci da dove siamo partiti tre anni fa. Vedere lo stadio pieno e questa attenzione mediatica ci rendono orgogliosi\u201d.<\/em> Il Barbera era vestito a festa, ma proprio il tema legato all\u2019impianto \u00e8 uno di quelli pi\u00f9 caldi:<em> \u201c\u00c8 un altro tassello che cercheremo di realizzare nel minor tempo possibile. Vogliamo dare alla citt\u00e0 un\u2019infrastruttura cardine per i nostri meravigliosi tifosi. Euro 2032 \u00e8 un opportunit\u00e0 che va valutata e approfondita. Noi ci siamo e vogliamo farci trovare pronti. Il tempo dir\u00e0 se ci sono le condizioni. Ora non siamo i capofila, ma faremo l\u2019impossibile per riuscirci\u201d.<\/em><div id=\"div-gpt-ad-Messinaoggi.it-DSK-300x250-corpoart\" style=\"text-align:center;margin:0 auto;\"><\/div><\/p>\n<p>A parlare di campo \u00e8 stato Riccardo <strong>Bigon,<\/strong> direttore tecnico globale del City Football Group: <em>\u201cLa solidit\u00e0 del club, dal punto di vista organizzativo e delle strutture, e le ambizioni sono state chiavi fondamentali per la scelta di Inzaghi. Come gruppo supportiamo gli allenatori, Osti \u00e8 un direttore sportivo esperto e sa stare vicino al tecnico. Ci siamo perfettamente allineati. Noi abbiamo dei principi nel modo di giocare, ma il principio generale \u00e8 cercare di vincere. Poi \u00e8 chiaro che ogni allenatore ha il suo stile, ma i principi sono gli stessi\u201d<\/em>. Infine, Roel <strong>de Vries<\/strong>, direttore operativo del City Football Group, ha parlato dell\u2019organizzazione della sfida contro gli Sky Blues e di come si lavora in sinergia nel gruppo: <em>\u201c\u00c8 stata una partita davvero storica, sia per il Palermo che per il Manchester City. Credo siano passati oltre dieci anni dall\u2019ultima volta in cui una squadra di Premier League \u00e8 venuta a giocare qui. Il Manchester City non era mai stato in Sicilia: una terra che rappresenta un punto di riferimento iconico per il calcio. Lo staff del City ha condiviso molte attivit\u00e0 con quello del Palermo. C\u2019\u00e8 grande collaborazione, si lavora fianco a fianco, e anche per i calciatori questa \u00e8 stata un\u2019occasione per confrontarsi con altri giocatori del gruppo e conoscersi meglio. I benefici, per entrambe le squadre, sono stati davvero tanti\u201d.<\/em><div id=\"videoincontent\" style=\"clear:both\";><\/div><\/p>\n<p>\u2013 foto ufficio stampa Palermo FC \u2013<\/p>\n<p>(ITALPRESS).<\/p>\n<\/div>\n","protected":false},"excerpt":{"rendered":"<p>PALERMO (ITALPRESS) \u2013 \u201cLa squadra, la societ\u00e0 e la citt\u00e0 hanno un obiettivo comune, sognare \u00e8 la cosa pi\u00f9 bella. Oggi \u00e8 tutto bello, poi le partite dovranno dimostrare quanto di buono abbiamo fatto in fase di preparazione della stagione. Fuori dal campo stiamo facendo cose incredibili\u201d. Parola di Giovanni Gardini, amministratore delegato e direttore [&hellip;]<\/p>\n","protected":false},"author":18,"featured_media":247839,"comment_status":"closed","ping_status":"closed","sticky":false,"template":"","format":"standard","meta":{"ub_ctt_via":"","_mi_skip_tracking":false},"categories":[2449],"tags":[783],"featured_image_src":"https:\/\/www.messinaoggi.it\/website\/wp-content\/uploads\/2025\/08\/Palermo-1.jpg","author_info":{"display_name":"Admin","author_link":"https:\/\/www.messinaoggi.it\/website\/author\/admin\/"},"digistream_id":0,"digistream":false,"_links":{"self":[{"href":"https:\/\/www.messinaoggi.it\/website\/wp-json\/wp\/v2\/posts\/247838"}],"collection":[{"href":"https:\/\/www.messinaoggi.it\/website\/wp-json\/wp\/v2\/posts"}],"about":[{"href":"https:\/\/www.messinaoggi.it\/website\/wp-json\/wp\/v2\/types\/post"}],"author":[{"embeddable":true,"href":"https:\/\/www.messinaoggi.it\/website\/wp-json\/wp\/v2\/users\/18"}],"replies":[{"embeddable":true,"href":"https:\/\/www.messinaoggi.it\/website\/wp-json\/wp\/v2\/comments?post=247838"}],"version-history":[{"count":0,"href":"https:\/\/www.messinaoggi.it\/website\/wp-json\/wp\/v2\/posts\/247838\/revisions"}],"wp:featuredmedia":[{"embeddable":true,"href":"https:\/\/www.messinaoggi.it\/website\/wp-json\/wp\/v2\/media\/247839"}],"wp:attachment":[{"href":"https:\/\/www.messinaoggi.it\/website\/wp-json\/wp\/v2\/media?parent=247838"}],"wp:term":[{"taxonomy":"category","embeddable":true,"href":"https:\/\/www.messinaoggi.it\/website\/wp-json\/wp\/v2\/categories?post=247838"},{"taxonomy":"post_tag","embeddable":true,"href":"https:\/\/www.messinaoggi.it\/website\/wp-json\/wp\/v2\/tags?post=247838"}],"curies":[{"name":"wp","href":"https:\/\/api.w.org\/{rel}","templated":true}]}}