{"id":247834,"date":"2025-08-12T14:15:19","date_gmt":"2025-08-12T12:15:19","guid":{"rendered":"https:\/\/www.messinaoggi.it\/website\/2025\/08\/12\/caltanissetta-concorso-per-il-nuovo-parco-della-sicurezza-nellex-caserma-capitano-franco\/"},"modified":"2025-08-12T14:15:19","modified_gmt":"2025-08-12T12:15:19","slug":"caltanissetta-concorso-per-il-nuovo-parco-della-sicurezza-nellex-caserma-capitano-franco","status":"publish","type":"post","link":"https:\/\/www.messinaoggi.it\/website\/2025\/08\/12\/caltanissetta-concorso-per-il-nuovo-parco-della-sicurezza-nellex-caserma-capitano-franco\/","title":{"rendered":"Caltanissetta, concorso per il nuovo \u201cParco della Sicurezza\u201d nell\u2019ex Caserma \u201cCapitano Franco\u201d"},"content":{"rendered":"<div>\n<p>CALTANISSETTA (ITALPRESS) \u2013 L<strong>\u2018Agenzia del Demanio<\/strong> ha pubblicato un concorso internazionale di progettazione in due fasi per la<strong> rifunzionalizzazione dell\u2019ex Caserma \u201cCapitano Franco\u201d<\/strong>, situata tra viale della Regione e via Pietro Leone. L\u2019area, oggi inutilizzata, sar\u00e0 trasformata nel nuovo<strong> \u201cParco della Sicurezza\u201d<\/strong>, un progetto strategico volto alla razionalizzazione delle sedi del Ministero dell\u2019Interno e alla valorizzazione urbana.<div id=\"div-gpt-ad-Messinaoggi.it-DSK-300x250-corpoart\" style=\"text-align:center;margin:0 auto;\"><\/div><\/p>\n<p>L\u2019intervento restituir\u00e0 alla citt\u00e0 circa quattro ettari di spazi riconvertiti in un moderno polo istituzionale e civico. Il progetto prevede la realizzazione di edifici da destinare alla Questura, alla Polizia di Stato e alla D.I.A., oltre a spazi pubblici, aree verdi e alloggi per il personale. L\u2019operazione consentir\u00e0 di ridurre la frammentazione delle sedi ministeriali, generando risparmi di spesa pubblica e promuovendo nuove centralit\u00e0 urbane, accessibili e sostenibili. Il nuovo complesso sar\u00e0 ad alta efficienza energetica e si distinguer\u00e0 per innovazione, funzionalit\u00e0 e qualit\u00e0 architettonica, contribuendo alla rigenerazione del tessuto urbano e al miglioramento della qualit\u00e0 della vita cittadina. L\u2019importo a base di gara \u00e8 pari a 1.714.484,74 euro. La scadenza delle offerte per la prima fase \u00e8 fissata alle ore 12 del 21 novembre 2025.<div id=\"videoincontent\" style=\"clear:both\";><\/div><\/p>\n<p>\u2013 foto ufficio stampa Agenzia del Demanio \u2013<\/p>\n<p>(ITALPRESS).<\/p>\n<\/div>\n","protected":false},"excerpt":{"rendered":"<p>CALTANISSETTA (ITALPRESS) \u2013 L\u2018Agenzia del Demanio ha pubblicato un concorso internazionale di progettazione in due fasi per la rifunzionalizzazione dell\u2019ex Caserma \u201cCapitano Franco\u201d, situata tra viale della Regione e via Pietro Leone. L\u2019area, oggi inutilizzata, sar\u00e0 trasformata nel nuovo \u201cParco della Sicurezza\u201d, un progetto strategico volto alla razionalizzazione delle sedi del Ministero dell\u2019Interno e alla [&hellip;]<\/p>\n","protected":false},"author":18,"featured_media":247835,"comment_status":"closed","ping_status":"closed","sticky":false,"template":"","format":"standard","meta":{"ub_ctt_via":"","_mi_skip_tracking":false},"categories":[2449],"tags":[783],"featured_image_src":"https:\/\/www.messinaoggi.it\/website\/wp-content\/uploads\/2025\/08\/Parco-Sicurezza-Caltanissetta.jpg","author_info":{"display_name":"Admin","author_link":"https:\/\/www.messinaoggi.it\/website\/author\/admin\/"},"digistream_id":0,"digistream":false,"_links":{"self":[{"href":"https:\/\/www.messinaoggi.it\/website\/wp-json\/wp\/v2\/posts\/247834"}],"collection":[{"href":"https:\/\/www.messinaoggi.it\/website\/wp-json\/wp\/v2\/posts"}],"about":[{"href":"https:\/\/www.messinaoggi.it\/website\/wp-json\/wp\/v2\/types\/post"}],"author":[{"embeddable":true,"href":"https:\/\/www.messinaoggi.it\/website\/wp-json\/wp\/v2\/users\/18"}],"replies":[{"embeddable":true,"href":"https:\/\/www.messinaoggi.it\/website\/wp-json\/wp\/v2\/comments?post=247834"}],"version-history":[{"count":0,"href":"https:\/\/www.messinaoggi.it\/website\/wp-json\/wp\/v2\/posts\/247834\/revisions"}],"wp:featuredmedia":[{"embeddable":true,"href":"https:\/\/www.messinaoggi.it\/website\/wp-json\/wp\/v2\/media\/247835"}],"wp:attachment":[{"href":"https:\/\/www.messinaoggi.it\/website\/wp-json\/wp\/v2\/media?parent=247834"}],"wp:term":[{"taxonomy":"category","embeddable":true,"href":"https:\/\/www.messinaoggi.it\/website\/wp-json\/wp\/v2\/categories?post=247834"},{"taxonomy":"post_tag","embeddable":true,"href":"https:\/\/www.messinaoggi.it\/website\/wp-json\/wp\/v2\/tags?post=247834"}],"curies":[{"name":"wp","href":"https:\/\/api.w.org\/{rel}","templated":true}]}}