{"id":24782,"date":"2018-09-27T17:20:04","date_gmt":"2018-09-27T15:20:04","guid":{"rendered":"http:\/\/www.messinaoggi.it\/website\/?p=24782"},"modified":"2018-09-27T17:20:04","modified_gmt":"2018-09-27T15:20:04","slug":"caro-de-luca-che-piacere-ce-a-licenziare-74-padri-e-madri-di-famiglia","status":"publish","type":"post","link":"https:\/\/www.messinaoggi.it\/website\/2018\/09\/27\/caro-de-luca-che-piacere-ce-a-licenziare-74-padri-e-madri-di-famiglia\/","title":{"rendered":"Caro De Luca: che piacere c&#039;\u00e8 a licenziare 74 padri e madri di famiglia?"},"content":{"rendered":"<p style=\"text-align: justify;\">De Luca non arretra di un millimetro rispetto alla \u201cguerra\u201d con i sindacati e quindi con i lavoratori. A mezzo Fb lancia l\u2019ennesimo guanto di sfida utilizzando in modo improprio i 74 lavoratori dell\u2019Atm licenziati dalla nuova governace dell\u2019azienda trasporti pubblica.<div id=\"div-gpt-ad-Messinaoggi.it-DSK-300x250-corpoart\" style=\"text-align:center;margin:0 auto;\"><\/div><\/p>\n<p style=\"text-align: justify;\">Sottolineiamo pubblica perch\u00e9 cos\u00ec \u00e8 e cos\u00ec deve restare. Il piano di De Luca \u00e8 quello di privatizzarla, ma sappiamo che la strada verso questo obiettivo \u00e8 ricco di insidie. Da sempre si sa che l\u2019Atm sia in deficit e non c\u2019era bisogno di Cateno De Luca e dei suoi colonnelli per scoprire l\u2019acqua calda.<div id=\"videoincontent\" style=\"clear:both\";><\/div><\/p>\n<p><img loading=\"lazy\" class=\"size-medium wp-image-2168 alignright\" src=\"http:\/\/www.messinaoggi.it\/website\/wp-content\/uploads\/2017\/06\/autobus-Atm-rossi-300x169.jpg\" alt=\"\" width=\"300\" height=\"169\" \/><\/p>\n<p style=\"text-align: justify;\">Facile chiuderla e licenziare il personale, ma un buon sindaco deve in primo luogo preservare il posto di lavoro e poi garantire un servizio adeguato che tenga conto dei criteri di economicit\u00e0. Del resto, non esiste azienda pubblica dei trasporti che produce utili, fatta eccezione per le grandi metropoli.<\/p>\n<p style=\"text-align: justify;\">Oggi, il sindaco sul suo profilo Fb lancia l\u2019ennesimo post tendente a spargere odio sociale nei confronti dei 74 lavoratori che si sono visti licenziare perch\u00e9 non vi sono risorse.<\/p>\n<p style=\"text-align: justify;\">Con i risultati che sono sotto gli occhi di tutti: servizio scadente e lamentele degli utenti.A ci\u00f2 si aggiunga il clima di santa inquisizione con aggressioni ai lavoratori Atm per avere un quadro completo desolante.<\/p>\n<p style=\"text-align: justify;\">Siamo d\u2019accordo con il sindaco quando dice che si deve risparmiare, ma dia egli stesso il buon esempio evitando che vengano nominati consulenti per la razionalizzazione del traffico su gommato.<\/p>\n<p style=\"text-align: justify;\">Infine, una domanda. Ma che piacere c&#8217;\u00e8 a licenziare un lavoratore e mettere sulla strada un padre o una madre di famiglia?<\/p>\n<p style=\"text-align: right;\"><strong>Davide Gambale<\/strong><\/p>\n","protected":false},"excerpt":{"rendered":"<p>De Luca non arretra di un millimetro rispetto alla \u201cguerra\u201d con i sindacati e quindi con i lavoratori. A mezzo Fb lancia l\u2019ennesimo guanto di sfida utilizzando in modo improprio i 74 lavoratori dell\u2019Atm licenziati dalla nuova governace dell\u2019azienda trasporti pubblica. Sottolineiamo pubblica perch\u00e9 cos\u00ec \u00e8 e cos\u00ec deve restare. Il piano di De Luca [&hellip;]<\/p>\n","protected":false},"author":2,"featured_media":24711,"comment_status":"closed","ping_status":"open","sticky":false,"template":"","format":"standard","meta":{"ub_ctt_via":"","_mi_skip_tracking":false},"categories":[4],"tags":[],"featured_image_src":"https:\/\/www.messinaoggi.it\/website\/wp-content\/uploads\/2018\/09\/De-Luca-passeggero-dello-shuttle-messinaoggiMarcyRuggi.jpg","author_info":{"display_name":"Redazione","author_link":"https:\/\/www.messinaoggi.it\/website\/author\/redazione\/"},"digistream_id":0,"digistream":false,"_links":{"self":[{"href":"https:\/\/www.messinaoggi.it\/website\/wp-json\/wp\/v2\/posts\/24782"}],"collection":[{"href":"https:\/\/www.messinaoggi.it\/website\/wp-json\/wp\/v2\/posts"}],"about":[{"href":"https:\/\/www.messinaoggi.it\/website\/wp-json\/wp\/v2\/types\/post"}],"author":[{"embeddable":true,"href":"https:\/\/www.messinaoggi.it\/website\/wp-json\/wp\/v2\/users\/2"}],"replies":[{"embeddable":true,"href":"https:\/\/www.messinaoggi.it\/website\/wp-json\/wp\/v2\/comments?post=24782"}],"version-history":[{"count":0,"href":"https:\/\/www.messinaoggi.it\/website\/wp-json\/wp\/v2\/posts\/24782\/revisions"}],"wp:featuredmedia":[{"embeddable":true,"href":"https:\/\/www.messinaoggi.it\/website\/wp-json\/wp\/v2\/media\/24711"}],"wp:attachment":[{"href":"https:\/\/www.messinaoggi.it\/website\/wp-json\/wp\/v2\/media?parent=24782"}],"wp:term":[{"taxonomy":"category","embeddable":true,"href":"https:\/\/www.messinaoggi.it\/website\/wp-json\/wp\/v2\/categories?post=24782"},{"taxonomy":"post_tag","embeddable":true,"href":"https:\/\/www.messinaoggi.it\/website\/wp-json\/wp\/v2\/tags?post=24782"}],"curies":[{"name":"wp","href":"https:\/\/api.w.org\/{rel}","templated":true}]}}