{"id":247818,"date":"2025-08-12T12:44:19","date_gmt":"2025-08-12T10:44:19","guid":{"rendered":"http:\/\/www.messinaoggi.it\/website\/?p=247818"},"modified":"2025-08-12T12:44:22","modified_gmt":"2025-08-12T10:44:22","slug":"vandalizzata-la-spiaggia-attrezzata-del-punto-blu-mortelle-intervengono-lamministrazione-comunale-e-messina-social-city","status":"publish","type":"post","link":"https:\/\/www.messinaoggi.it\/website\/2025\/08\/12\/vandalizzata-la-spiaggia-attrezzata-del-punto-blu-mortelle-intervengono-lamministrazione-comunale-e-messina-social-city\/","title":{"rendered":"Vandalizzata la spiaggia attrezzata del Punto Blu  Mortelle: intervengono l\u2019Amministrazione comunale e Messina Social City"},"content":{"rendered":"\n<p>Nella giornata di ieri, luned\u00ec 11 agosto, si \u00e8 verificato un grave atto di vandalismo ai danni della spiaggia attrezzata del Punto Blu presso l\u2019Istituto Marino di Mortelle, un polo dedicato a famiglie e servizi integrativi per minori, con particolare attenzione all\u2019integrazione sociale e ai servizi per bambini con e senza disabilit\u00e0. La struttura, gestita dall\u2019Azienda Speciale Messina Social City, offre in particolare nel periodo estivo esperienze di inclusione e socializzazione per minori con disabilit\u00e0 e le loro famiglie, rappresentando un presidio di solidariet\u00e0 e accoglienza. <div id=\"div-gpt-ad-Messinaoggi.it-DSK-300x250-corpoart\" style=\"text-align:center;margin:0 auto;\"><\/div><\/p>\n\n\n\n<p>\u201cUn gesto vile e inaccettabile, che colpisce non solo un bene materiale ma soprattutto un luogo simbolo di inclusione e speranza per tante famiglie. A nome dell\u2019Amministrazione comunale condanno con forza questo atto e assicuro il massimo impegno affinch\u00e9 la struttura possa tornare al pi\u00f9 presto pienamente fruibile. Nessuno riuscir\u00e0 a fermare il nostro lavoro per una citt\u00e0 sempre pi\u00f9 solidale\u201d, ha dichiarato il Sindaco <strong>Federico Basile<\/strong>. <div id=\"videoincontent\" style=\"clear:both\";><\/div><\/p>\n\n\n\n<p>\u201cLa spiaggia attrezzata del Punto Blu \u2013 ha aggiunto la Presidente della Messina Social City <strong>Valeria Asquini<\/strong> \u2013 \u00e8 frutto di un impegno quotidiano per offrire ai bambini e ai ragazzi uno spazio sicuro, accogliente e inclusivo. Questo atto di vandalismo ferisce l\u2019intera comunit\u00e0, ma non scalfisce la nostra determinazione. Continueremo a lavorare, insieme alle famiglie, per garantire la continuit\u00e0 dei servizi e restituire ai nostri piccoli utenti la serenit\u00e0 che meritano\u201d.<\/p>\n","protected":false},"excerpt":{"rendered":"<p>Nella giornata di ieri, luned\u00ec 11 agosto, si \u00e8 verificato un grave atto di vandalismo ai danni della spiaggia attrezzata del Punto Blu presso l\u2019Istituto Marino di Mortelle, un polo dedicato a famiglie e servizi integrativi per minori, con particolare attenzione all\u2019integrazione sociale e ai servizi per bambini con e senza disabilit\u00e0. La struttura, gestita [&hellip;]<\/p>\n","protected":false},"author":15,"featured_media":159918,"comment_status":"open","ping_status":"open","sticky":false,"template":"","format":"standard","meta":{"ub_ctt_via":"","_mi_skip_tracking":false},"categories":[4,6],"tags":[2972,8699,1185,1874,11630,5331],"featured_image_src":"https:\/\/www.messinaoggi.it\/website\/wp-content\/uploads\/2023\/06\/irib-cnr-mortelle.jpg","author_info":{"display_name":"red.me","author_link":"https:\/\/www.messinaoggi.it\/website\/author\/red-me\/"},"digistream_id":0,"digistream":false,"_links":{"self":[{"href":"https:\/\/www.messinaoggi.it\/website\/wp-json\/wp\/v2\/posts\/247818"}],"collection":[{"href":"https:\/\/www.messinaoggi.it\/website\/wp-json\/wp\/v2\/posts"}],"about":[{"href":"https:\/\/www.messinaoggi.it\/website\/wp-json\/wp\/v2\/types\/post"}],"author":[{"embeddable":true,"href":"https:\/\/www.messinaoggi.it\/website\/wp-json\/wp\/v2\/users\/15"}],"replies":[{"embeddable":true,"href":"https:\/\/www.messinaoggi.it\/website\/wp-json\/wp\/v2\/comments?post=247818"}],"version-history":[{"count":5,"href":"https:\/\/www.messinaoggi.it\/website\/wp-json\/wp\/v2\/posts\/247818\/revisions"}],"predecessor-version":[{"id":247823,"href":"https:\/\/www.messinaoggi.it\/website\/wp-json\/wp\/v2\/posts\/247818\/revisions\/247823"}],"wp:featuredmedia":[{"embeddable":true,"href":"https:\/\/www.messinaoggi.it\/website\/wp-json\/wp\/v2\/media\/159918"}],"wp:attachment":[{"href":"https:\/\/www.messinaoggi.it\/website\/wp-json\/wp\/v2\/media?parent=247818"}],"wp:term":[{"taxonomy":"category","embeddable":true,"href":"https:\/\/www.messinaoggi.it\/website\/wp-json\/wp\/v2\/categories?post=247818"},{"taxonomy":"post_tag","embeddable":true,"href":"https:\/\/www.messinaoggi.it\/website\/wp-json\/wp\/v2\/tags?post=247818"}],"curies":[{"name":"wp","href":"https:\/\/api.w.org\/{rel}","templated":true}]}}