{"id":247805,"date":"2025-08-12T12:05:20","date_gmt":"2025-08-12T10:05:20","guid":{"rendered":"https:\/\/www.messinaoggi.it\/website\/2025\/08\/12\/mattarella-le-guerre-tornano-a-gettare-le-loro-ombre-spettrali\/"},"modified":"2025-08-12T12:05:20","modified_gmt":"2025-08-12T10:05:20","slug":"mattarella-le-guerre-tornano-a-gettare-le-loro-ombre-spettrali","status":"publish","type":"post","link":"https:\/\/www.messinaoggi.it\/website\/2025\/08\/12\/mattarella-le-guerre-tornano-a-gettare-le-loro-ombre-spettrali\/","title":{"rendered":"Mattarella \u201cLe guerre tornano a gettare le loro ombre spettrali\u201d"},"content":{"rendered":"<div>ROMA (ITALPRESS) &#8211; <em>&#8220;Il 12 agosto del 1944 si comp\u00ec a <strong>Sant&#8217;Anna e nelle frazioni di Stazzema un eccidio<\/strong> tra i pi\u00f9 sanguinosi ed efferati della Seconda Guerra Mondiale. Oltre cinquecento persone &#8211; donne, anziani, sfollati, tanti bambini &#8211; vennero trucidate senza alcuna piet\u00e0 e molti dei loro corpi accatastati e bruciati. <\/em><em>Uno spaventoso calvario, divenuto simbolo degli orrori delle guerre, della logica di annientamento delle SS, delle disonorevoli ed esecrabili complicit\u00e0 fasciste. La Repubblica riconosce in questo luogo di martirio, in questo sacrario civile, una delle sue pi\u00f9 profonde radici<\/em>&#8220;. Cos\u00ec il presidente della Repubblica, Sergio <strong>Mattarella.<\/strong><div id=\"div-gpt-ad-Messinaoggi.it-DSK-300x250-corpoart\" style=\"text-align:center;margin:0 auto;\"><\/div><\/p>\n<p><em>&#8220;Dall&#8217;abisso del dolore e della sofferenza la comunit\u00e0 di Stazzema e, con essa, l&#8217;Italia intera, hanno trovato le forze per riscattare la disumanit\u00e0 degli oppressori, per edificare su basi nuove la dignit\u00e0 delle persone, la libert\u00e0 per tutti, la democrazia, la pace&#8221;,<\/em> aggiunge. <em>&#8220;La memoria<\/em> &#8211; sottolinea &#8211;<em> \u00e8 la condizione che tiene unite le generazioni nel progredire dell&#8217;identit\u00e0 di un popolo, tiene vigili le coscienze perch\u00e8 violenza, odio, volont\u00e0 di dominio non abbiano a prevalere. Oggi le guerre tornano a gettare le loro ombre spettrali, con la ferocia che la storia gi\u00e0 ci aveva mostrato e che speravamo per sempre dissolta. L&#8217;eccidio di Stazzema, la ferita indelebile impressa nella nostra storia, rappresenta un pungolo per richiamare alla responsabilit\u00e0 di respingere la violenza dell&#8217;uomo contro l&#8217;uomo, per costruire convivenza, rispetto del diritto fra eguali. La centralit\u00e0 della persona umana e il valore della comunit\u00e0 in cui vive sono il lascito esigente di chi ha vissuto gli orrori e lavora per ricostruire&#8221;<\/em>, conclude il capo dello Stato.<div id=\"videoincontent\" style=\"clear:both\";><\/div><\/p>\n<p>-Foto: Quirinale-<\/p>\n<p>(ITALPRESS).<\/p><\/div>\n","protected":false},"excerpt":{"rendered":"<p>ROMA (ITALPRESS) &#8211; &#8220;Il 12 agosto del 1944 si comp\u00ec a Sant&#8217;Anna e nelle frazioni di Stazzema un eccidio tra i pi\u00f9 sanguinosi ed efferati della Seconda Guerra Mondiale. Oltre cinquecento persone &#8211; donne, anziani, sfollati, tanti bambini &#8211; vennero trucidate senza alcuna piet\u00e0 e molti dei loro corpi accatastati e bruciati. Uno spaventoso calvario, [&hellip;]<\/p>\n","protected":false},"author":18,"featured_media":247806,"comment_status":"closed","ping_status":"closed","sticky":false,"template":"","format":"standard","meta":{"ub_ctt_via":"","_mi_skip_tracking":false},"categories":[446],"tags":[783],"featured_image_src":"https:\/\/www.messinaoggi.it\/website\/wp-content\/uploads\/2025\/08\/20250812_0115.jpg","author_info":{"display_name":"Admin","author_link":"https:\/\/www.messinaoggi.it\/website\/author\/admin\/"},"digistream_id":0,"digistream":false,"_links":{"self":[{"href":"https:\/\/www.messinaoggi.it\/website\/wp-json\/wp\/v2\/posts\/247805"}],"collection":[{"href":"https:\/\/www.messinaoggi.it\/website\/wp-json\/wp\/v2\/posts"}],"about":[{"href":"https:\/\/www.messinaoggi.it\/website\/wp-json\/wp\/v2\/types\/post"}],"author":[{"embeddable":true,"href":"https:\/\/www.messinaoggi.it\/website\/wp-json\/wp\/v2\/users\/18"}],"replies":[{"embeddable":true,"href":"https:\/\/www.messinaoggi.it\/website\/wp-json\/wp\/v2\/comments?post=247805"}],"version-history":[{"count":0,"href":"https:\/\/www.messinaoggi.it\/website\/wp-json\/wp\/v2\/posts\/247805\/revisions"}],"wp:featuredmedia":[{"embeddable":true,"href":"https:\/\/www.messinaoggi.it\/website\/wp-json\/wp\/v2\/media\/247806"}],"wp:attachment":[{"href":"https:\/\/www.messinaoggi.it\/website\/wp-json\/wp\/v2\/media?parent=247805"}],"wp:term":[{"taxonomy":"category","embeddable":true,"href":"https:\/\/www.messinaoggi.it\/website\/wp-json\/wp\/v2\/categories?post=247805"},{"taxonomy":"post_tag","embeddable":true,"href":"https:\/\/www.messinaoggi.it\/website\/wp-json\/wp\/v2\/tags?post=247805"}],"curies":[{"name":"wp","href":"https:\/\/api.w.org\/{rel}","templated":true}]}}