{"id":247785,"date":"2025-08-11T18:21:12","date_gmt":"2025-08-11T16:21:12","guid":{"rendered":"http:\/\/www.messinaoggi.it\/website\/?p=247785"},"modified":"2025-08-18T10:38:19","modified_gmt":"2025-08-18T08:38:19","slug":"fallimento-totale-la-manifestazione-delle-feluche-no-ponte","status":"publish","type":"post","link":"https:\/\/www.messinaoggi.it\/website\/2025\/08\/11\/fallimento-totale-la-manifestazione-delle-feluche-no-ponte\/","title":{"rendered":"FALLIMENTO TOTALE LA MANIFESTAZIONE DELLE FELUCHE NO PONTE"},"content":{"rendered":"\n<p>\u2753 \ud835\uddd6\ud835\uddfc\ud835\uddfa\ud835\uddf2 \ud835\uddfd\ud835\uddfc\ud835\ude00\ud835\ude00\ud835\uddfc\ud835\uddfb\ud835\uddfc \ud835\uddf6 \ud835\uddfd\ud835\uddf2\ud835\ude00\ud835\uddf0\ud835\uddee\ud835\ude01\ud835\uddfc\ud835\uddff\ud835\uddf6 \ud835\uddf1\ud835\uddf2\ud835\uddf9\ud835\uddf9\ud835\uddfc \ud835\udde6\ud835\ude01\ud835\uddff\ud835\uddf2\ud835\ude01\ud835\ude01\ud835\uddfc \ud835\uddf2\ud835\ude00\ud835\ude00\ud835\uddf2\ud835\uddff\ud835\uddf2 \ud835\uddf0\ud835\uddfc\ud835\uddfb\ud835\ude01\ud835\uddff\ud835\uddfc \ud835\ude02\ud835\uddfb\u2019\ud835\uddfc\ud835\uddfd\ud835\uddf2\ud835\uddff\ud835\uddee \ud835\uddf0\ud835\uddf5\ud835\uddf2 \ud835\uddf1\ud835\uddee\ud835\uddff\ud835\uddee\u0300 \ud835\uddf9\ud835\uddee\ud835\ude03\ud835\uddfc\ud835\uddff\ud835\uddfc \u2753<br>Oggi a Messina i comitati \ud835\udde1\ud835\uddfc \ud835\udde3\ud835\uddfc\ud835\uddfb\ud835\ude01\ud835\uddf2 hanno provato a mettere in scena una protesta simbolica: una flottiglia di feluche con le bandiere contrarie al Ponte sullo Stretto. L\u2019iniziativa, nata come risposta alla feluca con le bandiere della \ud835\udddf\ud835\uddf2\ud835\uddf4\ud835\uddee che aveva accolto il ministro il 6 agosto, si \u00e8 per\u00f2 rivelata un clamoroso \ud835\uddf3\ud835\uddf9\ud835\uddfc\ud835\uddfd.<div id=\"div-gpt-ad-Messinaoggi.it-DSK-300x250-corpoart\" style=\"text-align:center;margin:0 auto;\"><\/div><\/p>\n\n\n\n<p>\ud83d\udcca \ud835\udddc \ud835\uddfb\ud835\ude02\ud835\uddfa\ud835\uddf2\ud835\uddff\ud835\uddf6 \ud835\uddfd\ud835\uddee\ud835\uddff\ud835\uddf9\ud835\uddee\ud835\uddfb\ud835\uddfc \ud835\uddf0\ud835\uddf5\ud835\uddf6\ud835\uddee\ud835\uddff\ud835\uddfc:<br>\u2022 \ud835\udde6\ud835\ude02 \ud835\udfed\ud835\udfed \ud835\uddef\ud835\uddee\ud835\uddff\ud835\uddf0\ud835\uddf5\ud835\uddf2 \ud835\uddf1\ud835\uddf2\ud835\uddf9\ud835\uddf9\ud835\uddee \ud835\uddfa\ud835\uddee\ud835\uddff\ud835\uddf6\ud835\uddfb\ud835\uddf2\ud835\uddff\ud835\uddf6\ud835\uddee \ud835\uddf1\ud835\uddf6 \ud835\udde0\ud835\uddf2\ud835\ude00\ud835\ude00\ud835\uddf6\ud835\uddfb\ud835\uddee \u2192 solo 2 presenti<br>\u2022 \ud835\udfee \ud835\uddf1\ud835\uddf2\ud835\uddf9\ud835\uddf9\ud835\uddee \ud835\uddfa\ud835\uddee\ud835\uddff\ud835\uddf6\ud835\uddfb\ud835\uddf2\ud835\uddff\ud835\uddf6\ud835\uddee \ud835\uddf1\ud835\uddf6 \ud835\udde6\ud835\uddf0\ud835\uddf6\ud835\uddf9\ud835\uddf9\ud835\uddee<br>\u2022 \ud835\udfee \ud835\uddf1\ud835\uddf2\ud835\uddf9\ud835\uddf9\ud835\uddee \ud835\uddfa\ud835\uddee\ud835\uddff\ud835\uddf6\ud835\uddfb\ud835\uddf2\ud835\uddff\ud835\uddf6\ud835\uddee \ud835\uddf1\ud835\uddf6 \ud835\uddd5\ud835\uddee\ud835\uddf4\ud835\uddfb\ud835\uddee\ud835\uddff\ud835\uddee<br>\u27a1\ufe0f \ud835\udde7\ud835\uddfc\ud835\ude01\ud835\uddee\ud835\uddf9\ud835\uddf2: \ud835\uddee\ud835\uddfd\ud835\uddfd\ud835\uddf2\ud835\uddfb\ud835\uddee \ud835\udff0 \ud835\uddf6\ud835\uddfa\ud835\uddef\ud835\uddee\ud835\uddff\ud835\uddf0\ud835\uddee\ud835\ude07\ud835\uddf6\ud835\uddfc\ud835\uddfb\ud835\uddf6 su 15 potenziali<div id=\"videoincontent\" style=\"clear:both\";><\/div><\/p>\n\n\n\n<p>\u2693 \ud835\udde7\ud835\ude02\ud835\ude01\ud835\ude01\ud835\uddf2 \ud835\uddf9\ud835\uddf2 \ud835\uddee\ud835\uddf9\ud835\ude01\ud835\uddff\ud835\uddf2? Ormeggiate nelle scogliere, a testimonianza di un\u2019adesione scarsissima e forse di un dissenso silenzioso verso chi si oppone al Ponte.<br>Il dato \u00e8 ancora pi\u00f9 paradossale se si pensa che \ud835\uddf6\ud835\uddf9 \ud835\udde3\ud835\uddfc\ud835\uddfb\ud835\ude01\ud835\uddf2 \ud835\ude00\ud835\ude02\ud835\uddf9\ud835\uddf9\ud835\uddfc \ud835\udde6\ud835\ude01\ud835\uddff\ud835\uddf2\ud835\ude01\ud835\ude01\ud835\uddfc \u00e8 destinato a portare \ud835\uddf0\ud835\uddee\ud835\uddfb\ud835\ude01\ud835\uddf6\ud835\uddf2\ud835\uddff\ud835\uddf6, \ud835\uddf0\ud835\uddfc\ud835\uddfa\ud835\uddfa\ud835\uddf2\ud835\ude00\ud835\ude00\ud835\uddf2, \ud835\uddfc\ud835\uddf0\ud835\uddf0\ud835\ude02\ud835\uddfd\ud835\uddee\ud835\ude07\ud835\uddf6\ud835\uddfc\ud835\uddfb\ud835\uddf2 \ud835\uddf2 \ud835\uddf6\ud835\uddfb\ud835\uddf1\ud835\uddfc\ud835\ude01\ud835\ude01\ud835\uddfc, proprio in un territorio dove la marineria vive ormai di margini ridotti e fatica a trattenere i giovani.<\/p>\n\n\n\n<p>\ud83d\udcac \ud835\udddc\ud835\uddfb \ud835\uddfa\ud835\uddfc\ud835\uddf9\ud835\ude01\ud835\uddf6 \ud835\ude00\ud835\uddf6 \ud835\uddf0\ud835\uddf5\ud835\uddf6\ud835\uddf2\ud835\uddf1\ud835\uddfc\ud835\uddfb\ud835\uddfc: come possono i lavoratori dello Stretto \u2013 pescatori inclusi \u2013 essere contro un\u2019opera che, con i lavori e le infrastrutture collegate, potrebbe generare un flusso di opportunit\u00e0 senza precedenti?<br>Forse, pi\u00f9 che una manifestazione in mare, quella di ieri \u00e8 stata una dimostrazione\u2026 \ud835\uddf1\ud835\uddf6 \ud835\uddfe\ud835\ude02\ud835\uddee\ud835\uddfb\ud835\ude01\ud835\uddfc \ud835\uddfd\ud835\uddfc\ud835\uddf0\ud835\uddf5\ud835\uddf6 \ud835\ude00\ud835\uddf6\ud835\uddee\ud835\uddfb\ud835\uddfc \ud835\uddff\ud835\uddf6\ud835\uddfa\ud835\uddee\ud835\ude00\ud835\ude01\ud835\uddf6 \ud835\uddee \ud835\uddff\ud835\uddf2\ud835\uddfa\ud835\uddee\ud835\uddff\ud835\uddf2 \ud835\uddf0\ud835\uddfc\ud835\uddfb\ud835\ude01\ud835\uddff\ud835\uddfc.<\/p>\n\n\n\n<p>Lebarche presenti 3 di marineria messinese e 1 di Scilla.<\/p>\n\n\n\n<p><strong>Articoli precedenti di Ponte Live<\/strong><\/p>\n\n\n\n<p>1. <a href=\"http:\/\/www.messinaoggi.it\/website\/2025\/06\/28\/ecco-come-potrebbe-essere-la-nuova-stazione-messina-ponte\/\">Ecco come potrebbe essere la nuova stazione Messina Ponte<\/a> (28\/06\/25)<br>2. <a href=\"http:\/\/www.messinaoggi.it\/website\/2025\/07\/05\/ponte-lesproprio-per-pubblica-utilita-una-scelta-difficile-ma-necessaria-per-il-bene-comune\/\">Ponte. L\u2019esproprio per pubblica utilit\u00e0: una scelta difficile ma necessaria per il bene comune<\/a> (05\/07\/25)<br>3. <a href=\"http:\/\/www.messinaoggi.it\/website\/2025\/07\/14\/una-pista-ciclabile-sul-ponte-sullo-stretto-di-messina\/\">Una pista ciclabile sul Ponte sullo Stretto di Messina<\/a> (14\/07\/25)<br>4. <a href=\"http:\/\/www.messinaoggi.it\/website\/2025\/07\/18\/la-stazione-di-messina-ponte-sara-a-gazzi\/\">La stazione di Messina Ponte sar\u00e0 a Gazzi?<\/a> (18\/07\/25)<br>5. <a href=\"http:\/\/www.messinaoggi.it\/website\/2025\/07\/26\/pubblicate-laltro-ieri-sul-sito-del-mase-le-324-tavole-del-progetto-del-collegamento-ferroviario-del-ponte\/\">Pubblicate sul sito del MASE le 324 tavole del progetto del collegamento (1ferroviario del Ponte<\/a> (26\/07\/25) <\/p>\n\n\n\n<p>6. <a href=\"https:\/\/www.messinaoggi.it\/website\/2025\/08\/05\/salvini-domani-6-agosto-alle-19-al-grecale-a-messina-coincidenza-con-lapprovazione-del-cipess-avvenuta-alle-1230\/\">Salvini domani 6 agosto alle 19 al Grecale a Messina, coincidenza con l\u2019approvazione del cipess avvenuta alle 12:30<\/a> (05\/08\/25)<\/p>\n","protected":false},"excerpt":{"rendered":"<p>\u2753 \ud835\uddd6\ud835\uddfc\ud835\uddfa\ud835\uddf2 \ud835\uddfd\ud835\uddfc\ud835\ude00\ud835\ude00\ud835\uddfc\ud835\uddfb\ud835\uddfc \ud835\uddf6 \ud835\uddfd\ud835\uddf2\ud835\ude00\ud835\uddf0\ud835\uddee\ud835\ude01\ud835\uddfc\ud835\uddff\ud835\uddf6 \ud835\uddf1\ud835\uddf2\ud835\uddf9\ud835\uddf9\ud835\uddfc \ud835\udde6\ud835\ude01\ud835\uddff\ud835\uddf2\ud835\ude01\ud835\ude01\ud835\uddfc \ud835\uddf2\ud835\ude00\ud835\ude00\ud835\uddf2\ud835\uddff\ud835\uddf2 \ud835\uddf0\ud835\uddfc\ud835\uddfb\ud835\ude01\ud835\uddff\ud835\uddfc \ud835\ude02\ud835\uddfb\u2019\ud835\uddfc\ud835\uddfd\ud835\uddf2\ud835\uddff\ud835\uddee \ud835\uddf0\ud835\uddf5\ud835\uddf2 \ud835\uddf1\ud835\uddee\ud835\uddff\ud835\uddee\u0300 \ud835\uddf9\ud835\uddee\ud835\ude03\ud835\uddfc\ud835\uddff\ud835\uddfc \u2753Oggi a Messina i comitati \ud835\udde1\ud835\uddfc \ud835\udde3\ud835\uddfc\ud835\uddfb\ud835\ude01\ud835\uddf2 hanno provato a mettere in scena una protesta simbolica: una flottiglia di feluche con le bandiere contrarie al Ponte sullo Stretto. L\u2019iniziativa, nata come risposta alla feluca con le bandiere della \ud835\udddf\ud835\uddf2\ud835\uddf4\ud835\uddee che aveva accolto [&hellip;]<\/p>\n","protected":false},"author":123458,"featured_media":247786,"comment_status":"open","ping_status":"open","sticky":false,"template":"","format":"standard","meta":{"ub_ctt_via":"","_mi_skip_tracking":false},"categories":[19,7567],"tags":[7235,11454,1035,11629,11628,7349,7298],"featured_image_src":"https:\/\/www.messinaoggi.it\/website\/wp-content\/uploads\/2025\/08\/feluche-no-pontye-11-agosto-legenda.jpeg","author_info":{"display_name":"Giuseppe Palamara","author_link":"https:\/\/www.messinaoggi.it\/website\/author\/gipal\/"},"digistream_id":0,"digistream":false,"_links":{"self":[{"href":"https:\/\/www.messinaoggi.it\/website\/wp-json\/wp\/v2\/posts\/247785"}],"collection":[{"href":"https:\/\/www.messinaoggi.it\/website\/wp-json\/wp\/v2\/posts"}],"about":[{"href":"https:\/\/www.messinaoggi.it\/website\/wp-json\/wp\/v2\/types\/post"}],"author":[{"embeddable":true,"href":"https:\/\/www.messinaoggi.it\/website\/wp-json\/wp\/v2\/users\/123458"}],"replies":[{"embeddable":true,"href":"https:\/\/www.messinaoggi.it\/website\/wp-json\/wp\/v2\/comments?post=247785"}],"version-history":[{"count":1,"href":"https:\/\/www.messinaoggi.it\/website\/wp-json\/wp\/v2\/posts\/247785\/revisions"}],"predecessor-version":[{"id":247787,"href":"https:\/\/www.messinaoggi.it\/website\/wp-json\/wp\/v2\/posts\/247785\/revisions\/247787"}],"wp:featuredmedia":[{"embeddable":true,"href":"https:\/\/www.messinaoggi.it\/website\/wp-json\/wp\/v2\/media\/247786"}],"wp:attachment":[{"href":"https:\/\/www.messinaoggi.it\/website\/wp-json\/wp\/v2\/media?parent=247785"}],"wp:term":[{"taxonomy":"category","embeddable":true,"href":"https:\/\/www.messinaoggi.it\/website\/wp-json\/wp\/v2\/categories?post=247785"},{"taxonomy":"post_tag","embeddable":true,"href":"https:\/\/www.messinaoggi.it\/website\/wp-json\/wp\/v2\/tags?post=247785"}],"curies":[{"name":"wp","href":"https:\/\/api.w.org\/{rel}","templated":true}]}}