{"id":247739,"date":"2025-08-11T11:05:22","date_gmt":"2025-08-11T09:05:22","guid":{"rendered":"https:\/\/www.messinaoggi.it\/website\/2025\/08\/11\/ucraina-foti-da-mosca-toni-inaccettabili-non-vuole-pace-giusta\/"},"modified":"2025-08-11T16:15:26","modified_gmt":"2025-08-11T14:15:26","slug":"ucraina-foti-da-mosca-toni-inaccettabili-non-vuole-pace-giusta","status":"publish","type":"post","link":"https:\/\/www.messinaoggi.it\/website\/2025\/08\/11\/ucraina-foti-da-mosca-toni-inaccettabili-non-vuole-pace-giusta\/","title":{"rendered":"Ucraina, Foti \u201cDa Mosca toni inaccettabili, non vuole pace giusta\u201d"},"content":{"rendered":"<div>ROMA (ITALPRESS) &#8211; La <strong>Russia<\/strong> <em>&#8220;comunque non vuole una pace duratura e giusta, mi sembra che a Mosca pretendano una resa incondizionata da parte di Kiev. Inaccettabile&#8221;.<\/em> Cos\u00ec il ministro per gli Affari europei, <strong>Tommaso Foti<\/strong>, in un&#8217;intervista a <em>Repubblica<\/em>.<div id=\"div-gpt-ad-Messinaoggi.it-DSK-300x250-corpoart\" style=\"text-align:center;margin:0 auto;\"><\/div><\/p>\n<p><em>&#8220;Senza l&#8217;Ucraina al tavolo non si pu\u00f2 fare una pace, nessuno pu\u00f2 decidere senza Kiev. L&#8217;Europa ha ribadito con forza il suo impegno per la sovranit\u00e0 e l&#8217;integrit\u00e0 territoriale dell&#8217;Ucraina. Poi si vedr\u00e0 cosa sar\u00e0 oggetto di trattativa&#8221;,<\/em> spiega a proposito del tavolo del 15 agosto in Alaska tra <strong>Donald Trump<\/strong> e <strong>Vladimir Putin<\/strong>.<div id=\"videoincontent\" style=\"clear:both\";><\/div><\/p>\n<p>Anche l&#8217;Ue deve partecipare al negoziato o \u00e8 meglio che se ne incarichino i leader europei, pi\u00f9 che Bruxelles, visto com&#8217;\u00e8 andata sui dazi? <em>&#8220;In questo momento la parola \u00e8 affidata alla diplomazia. E i leader europei sanno farne buon uso. E&#8217; giusto che siano coinvolti&#8221;<\/em>, sottolinea.<\/p>\n<p>Su Gaza, poi, <em>&#8220;l&#8217;ipotesi formulata dal gabinetto israeliano di lanciare un&#8217;operazione di occupazione su larga scala di Gaza ci vede fermamente contrari e la respingiamo con forza. Si verrebbe ad aggravare una situazione umanitaria gi\u00e0 catastrofica, si metterebbero ulteriormente in pericolo gli ostaggi e vi sarebbe un rischio di esodo di massa della popolazione civile. Ci\u00f2 che chiediamo \u00e8 un cessate il fuoco immediato e permanente. E Hamas deve rilasciare gli ostaggi e smilitarizzare le sue truppe&#8221;<\/em>, conclude.<\/p>\n<p>&#8211; foto IPA Agency &#8211;<\/p>\n<p>(ITALPRESS)<\/p><\/div>\n","protected":false},"excerpt":{"rendered":"<p>ROMA (ITALPRESS) &#8211; La Russia &#8220;comunque non vuole una pace duratura e giusta, mi sembra che a Mosca pretendano una resa incondizionata da parte di Kiev. Inaccettabile&#8221;. Cos\u00ec il ministro per gli Affari europei, Tommaso Foti, in un&#8217;intervista a Repubblica. &#8220;Senza l&#8217;Ucraina al tavolo non si pu\u00f2 fare una pace, nessuno pu\u00f2 decidere senza Kiev. [&hellip;]<\/p>\n","protected":false},"author":18,"featured_media":247740,"comment_status":"closed","ping_status":"closed","sticky":false,"template":"","format":"standard","meta":{"ub_ctt_via":"","_mi_skip_tracking":false},"categories":[446,4],"tags":[783],"featured_image_src":"https:\/\/www.messinaoggi.it\/website\/wp-content\/uploads\/2025\/08\/20250811_0171.jpg","author_info":{"display_name":"Admin","author_link":"https:\/\/www.messinaoggi.it\/website\/author\/admin\/"},"digistream_id":0,"digistream":false,"_links":{"self":[{"href":"https:\/\/www.messinaoggi.it\/website\/wp-json\/wp\/v2\/posts\/247739"}],"collection":[{"href":"https:\/\/www.messinaoggi.it\/website\/wp-json\/wp\/v2\/posts"}],"about":[{"href":"https:\/\/www.messinaoggi.it\/website\/wp-json\/wp\/v2\/types\/post"}],"author":[{"embeddable":true,"href":"https:\/\/www.messinaoggi.it\/website\/wp-json\/wp\/v2\/users\/18"}],"replies":[{"embeddable":true,"href":"https:\/\/www.messinaoggi.it\/website\/wp-json\/wp\/v2\/comments?post=247739"}],"version-history":[{"count":1,"href":"https:\/\/www.messinaoggi.it\/website\/wp-json\/wp\/v2\/posts\/247739\/revisions"}],"predecessor-version":[{"id":247758,"href":"https:\/\/www.messinaoggi.it\/website\/wp-json\/wp\/v2\/posts\/247739\/revisions\/247758"}],"wp:featuredmedia":[{"embeddable":true,"href":"https:\/\/www.messinaoggi.it\/website\/wp-json\/wp\/v2\/media\/247740"}],"wp:attachment":[{"href":"https:\/\/www.messinaoggi.it\/website\/wp-json\/wp\/v2\/media?parent=247739"}],"wp:term":[{"taxonomy":"category","embeddable":true,"href":"https:\/\/www.messinaoggi.it\/website\/wp-json\/wp\/v2\/categories?post=247739"},{"taxonomy":"post_tag","embeddable":true,"href":"https:\/\/www.messinaoggi.it\/website\/wp-json\/wp\/v2\/tags?post=247739"}],"curies":[{"name":"wp","href":"https:\/\/api.w.org\/{rel}","templated":true}]}}