{"id":247701,"date":"2025-08-10T19:05:21","date_gmt":"2025-08-10T17:05:21","guid":{"rendered":"https:\/\/www.messinaoggi.it\/website\/2025\/08\/10\/netanyahu-lobiettivo-non-e-occupare-gaza-ma-liberarla\/"},"modified":"2025-08-10T19:05:21","modified_gmt":"2025-08-10T17:05:21","slug":"netanyahu-lobiettivo-non-e-occupare-gaza-ma-liberarla","status":"publish","type":"post","link":"https:\/\/www.messinaoggi.it\/website\/2025\/08\/10\/netanyahu-lobiettivo-non-e-occupare-gaza-ma-liberarla\/","title":{"rendered":"Netanyahu \u201cL\u2019obiettivo non \u00e8 occupare Gaza ma liberarla\u201d"},"content":{"rendered":"<div>GERUSALEMME (ISRAELE) (ITALPRESS) &#8211; &#8220;Il nostro obiettivo non \u00e8 occupare Gaza, ma \u00e8 liberarla, liberarla da Hamas&#8221;. Lo ha detto il premier israeliano, Benjamin Netanyahu, incontrando la stampa estera a Gerusalemme. &#8220;Io non voglio prolungare la guerra, voglio porre fine alla guerra: Hamas non ha dato alcun segnale di voler liberare gli ostaggi &#8211; ha aggiunto -. Questo \u00e8 il nostro piano, visto il rifiuto di Hamas di deporre armi, dobbiamo completare il lavoro, bisogna disarmare Hamas&#8221;. Un piano in cinque, quello illustrato da Netanyahu: &#8220;Disarmare Hamas, tutti gli ostaggi liberati, Gaza smilitarizzata, Israele che abbia il controllo sulla sicurezza, un&#8217;amministrazione civile pacifica non israeliana: ecco cosa vogliamo, questo \u00e8 il nostro Piano per Gaza, che \u00e8 al 75% sotto il nostro controllo. Dovremo smantellare le ultime due roccaforti di Hamas, permetteremo alla popolazione civile di raggiungere le zone di sicurezza, dove ci sar\u00e0 da mangiare e da bere e saranno al riparo&#8221;. <br \/>Per Netanyahu &#8211; che ha parlato di &#8220;un&#8217;operazione in due fasi&#8221; e ha specificato che &#8220;non vogliamo stare a Gaza, nessuno per\u00f2 ci entrer\u00e0 prima che porremo fine ad Hamas&#8221; &#8211; lo scopo della conferenza stampa \u00e8 &#8220;diffondere la verit\u00e0. Aprite gli occhi alle menzogne di Hamas. Questo \u00e8 il titolo di questa conferenza stampa. Vengono pubblicate e pubblicizzate solo le statistiche di Hamas&#8221;, ma in realt\u00e0 &#8220;gli unici che stanno morendo deliberatamente di fame a Gaza sono i nostri ostaggi. Il mio obiettivo \u00e8 recuperare tutti e 20 gli ostaggi vivi: e possiamo farcela soltanto andando a colpire Hamas&#8221;.<br \/>&#8220;L&#8217;intervento sar\u00e0 rapido con una creazione di zone sicure. Trasferiremo i civili per evitare ci siano vittime: i tempi saranno brevi, perch\u00e8 vogliamo porre fine alla guerra. L&#8217;obiettivo &#8211; ha ribadito &#8211; \u00e8 smantellare Hamas&#8221;. <div id=\"div-gpt-ad-Messinaoggi.it-DSK-300x250-corpoart\" style=\"text-align:center;margin:0 auto;\"><\/div><\/p>\n<p>&#8211; foto Ipa Agency &#8211;<br \/>(ITALPRESS).<\/div>\n<div id=\"videoincontent\" style=\"clear:both\";><\/div>","protected":false},"excerpt":{"rendered":"<p>GERUSALEMME (ISRAELE) (ITALPRESS) &#8211; &#8220;Il nostro obiettivo non \u00e8 occupare Gaza, ma \u00e8 liberarla, liberarla da Hamas&#8221;. Lo ha detto il premier israeliano, Benjamin Netanyahu, incontrando la stampa estera a Gerusalemme. &#8220;Io non voglio prolungare la guerra, voglio porre fine alla guerra: Hamas non ha dato alcun segnale di voler liberare gli ostaggi &#8211; ha [&hellip;]<\/p>\n","protected":false},"author":18,"featured_media":247702,"comment_status":"closed","ping_status":"closed","sticky":false,"template":"","format":"standard","meta":{"ub_ctt_via":"","_mi_skip_tracking":false},"categories":[446],"tags":[783],"featured_image_src":"https:\/\/www.messinaoggi.it\/website\/wp-content\/uploads\/2025\/08\/20250810_0947.jpg","author_info":{"display_name":"Admin","author_link":"https:\/\/www.messinaoggi.it\/website\/author\/admin\/"},"digistream_id":0,"digistream":false,"_links":{"self":[{"href":"https:\/\/www.messinaoggi.it\/website\/wp-json\/wp\/v2\/posts\/247701"}],"collection":[{"href":"https:\/\/www.messinaoggi.it\/website\/wp-json\/wp\/v2\/posts"}],"about":[{"href":"https:\/\/www.messinaoggi.it\/website\/wp-json\/wp\/v2\/types\/post"}],"author":[{"embeddable":true,"href":"https:\/\/www.messinaoggi.it\/website\/wp-json\/wp\/v2\/users\/18"}],"replies":[{"embeddable":true,"href":"https:\/\/www.messinaoggi.it\/website\/wp-json\/wp\/v2\/comments?post=247701"}],"version-history":[{"count":0,"href":"https:\/\/www.messinaoggi.it\/website\/wp-json\/wp\/v2\/posts\/247701\/revisions"}],"wp:featuredmedia":[{"embeddable":true,"href":"https:\/\/www.messinaoggi.it\/website\/wp-json\/wp\/v2\/media\/247702"}],"wp:attachment":[{"href":"https:\/\/www.messinaoggi.it\/website\/wp-json\/wp\/v2\/media?parent=247701"}],"wp:term":[{"taxonomy":"category","embeddable":true,"href":"https:\/\/www.messinaoggi.it\/website\/wp-json\/wp\/v2\/categories?post=247701"},{"taxonomy":"post_tag","embeddable":true,"href":"https:\/\/www.messinaoggi.it\/website\/wp-json\/wp\/v2\/tags?post=247701"}],"curies":[{"name":"wp","href":"https:\/\/api.w.org\/{rel}","templated":true}]}}