{"id":247697,"date":"2025-08-10T17:05:18","date_gmt":"2025-08-10T15:05:18","guid":{"rendered":"https:\/\/www.messinaoggi.it\/website\/2025\/08\/10\/eva-herzigova-e-luisa-ranieri-tra-le-protagoniste-del-calendario-pirelli\/"},"modified":"2025-08-10T17:05:18","modified_gmt":"2025-08-10T15:05:18","slug":"eva-herzigova-e-luisa-ranieri-tra-le-protagoniste-del-calendario-pirelli","status":"publish","type":"post","link":"https:\/\/www.messinaoggi.it\/website\/2025\/08\/10\/eva-herzigova-e-luisa-ranieri-tra-le-protagoniste-del-calendario-pirelli\/","title":{"rendered":"Eva Herzigova e Luisa Ranieri tra le protagoniste del calendario Pirelli"},"content":{"rendered":"<div>ROMA (ITALPRESS) \u2013 <strong>Eva Herzigova<\/strong>,\u00a0<strong>Luisa Ranieri<\/strong>,\u00a0<strong>Isabella<\/strong>\u00a0<strong>Rossellini<\/strong>,\u00a0<strong>Venus<\/strong>\u00a0<strong>Williams<\/strong>, sono alcune delle protagoniste degli scatti che il norvegese\u00a0<strong>Solve Sundsbe<\/strong>, uno tra i pi\u00f9 importanti fotografi al mondo, ha realizzato per<em>\u00a0\u201cThe Cal 2026\u201d<\/em>, il calendario\u00a0<strong>Pirelli<\/strong>, di cui sono state diffuse alcune immagini del backstage.<div id=\"div-gpt-ad-Messinaoggi.it-DSK-300x250-corpoart\" style=\"text-align:center;margin:0 auto;\"><\/div><\/p>\n<p>Nato in Norvegia nel 1970, e poi trasferitosi a Londra nel 1995 per studiare fotografia al London College of Printing, Sundsbe ha scattato alcune delle immagini pi\u00f9 memorabili e accattivanti degli ultimi anni ed \u00e8 apprezzato sia per la sua versatilit\u00e0, sia per la sua apertura verso le nuove tecnologie, dalla scansione 3D al ritocco a mano, sia per l\u2019ampiezza del suo stile.<div id=\"videoincontent\" style=\"clear:both\";><\/div><\/p>\n<p>Le sue collaborazioni commerciali hanno dato vita a immagini e filmati creati per importanti marchi di moda e bellezza,\u00a0<strong>Le sue opere sono state esposte in tutto il mondo<\/strong>, in mostre collettive e personali come \u201cBeyond the Still Image\u201d (2018) a Palazzo Reale di Milano. Sundsbe ha ricevuto elogi anche per le sue immagini d\u2019archivio di Alexander McQueen, scattate per il catalogo della celebre retrospettiva \u201cAlexander McQueen: Savage Beauty\u201d al Metropolitan Museum of Art (2011).<\/p>\n<p>Oggi,\u00a0<strong>Sundsbe<\/strong>\u00a0continua a spingersi oltre i confini della creazione di immagini, lavorando su una vasta gamma di piattaforme, dalla fotografia al fashion film, unendo costantemente tecniche tradizionali e tradizionali a tecnologie pionieristiche. Le sue opere sono state incluse nelle aste di Phillips De Pury e sono conservate nella collezione permanente della National Portrait Gallery di Londra.<\/p>\n<p>Gli scatti sono stati realizzati in tre sessioni: la prima a Norfolk ed Essex ad aprile, la seconda a Londra a giugno, e la terza a New York, negli studio Spring Studios, a Luglio. Hanno partecipato alla realizzazione del calendario anche Adria Arjona, Susie Cave, Gwendoline Christie, Du Juan, Irina Shayk, Tilda Swinton e FKA Twigs.<\/p>\n<p><em>\u201cPer il Calendario 2026<\/em>\u00a0\u2013 ha spiegato\u00a0<strong>Sundsbo<\/strong>\u00a0\u2013\u00a0<em>la mia idea era era quella di catturare emozioni, istinti e stati d\u2019animo che sono centrali nella vita umana: desiderio di libert\u00e0, curiosit\u00e0, sete di conoscenza. Una sorta di mistero, immaginazione, passioni, desiderio di emancipazione, il legame con la natura e il nostro rapporto con il tempo e lo spazio. \u00c8 un modo per connetterci a qualcosa da cui proveniamo. Si tratta di temi molto grandi, ma, insomma, cerchiamo di essere ambiziosi\u201d<\/em>, ha concluso.<\/p>\n<p>\u2013 Foto Ufficio stampa Pirelli \u2013<\/p>\n<p>(ITALPRESS)<\/p><\/div>\n","protected":false},"excerpt":{"rendered":"<p>ROMA (ITALPRESS) \u2013 Eva Herzigova,\u00a0Luisa Ranieri,\u00a0Isabella\u00a0Rossellini,\u00a0Venus\u00a0Williams, sono alcune delle protagoniste degli scatti che il norvegese\u00a0Solve Sundsbe, uno tra i pi\u00f9 importanti fotografi al mondo, ha realizzato per\u00a0\u201cThe Cal 2026\u201d, il calendario\u00a0Pirelli, di cui sono state diffuse alcune immagini del backstage. Nato in Norvegia nel 1970, e poi trasferitosi a Londra nel 1995 per studiare fotografia [&hellip;]<\/p>\n","protected":false},"author":18,"featured_media":247698,"comment_status":"closed","ping_status":"closed","sticky":false,"template":"","format":"standard","meta":{"ub_ctt_via":"","_mi_skip_tracking":false},"categories":[446],"tags":[783],"featured_image_src":"https:\/\/www.messinaoggi.it\/website\/wp-content\/uploads\/2025\/08\/20250810_0309.jpg","author_info":{"display_name":"Admin","author_link":"https:\/\/www.messinaoggi.it\/website\/author\/admin\/"},"digistream_id":0,"digistream":false,"_links":{"self":[{"href":"https:\/\/www.messinaoggi.it\/website\/wp-json\/wp\/v2\/posts\/247697"}],"collection":[{"href":"https:\/\/www.messinaoggi.it\/website\/wp-json\/wp\/v2\/posts"}],"about":[{"href":"https:\/\/www.messinaoggi.it\/website\/wp-json\/wp\/v2\/types\/post"}],"author":[{"embeddable":true,"href":"https:\/\/www.messinaoggi.it\/website\/wp-json\/wp\/v2\/users\/18"}],"replies":[{"embeddable":true,"href":"https:\/\/www.messinaoggi.it\/website\/wp-json\/wp\/v2\/comments?post=247697"}],"version-history":[{"count":0,"href":"https:\/\/www.messinaoggi.it\/website\/wp-json\/wp\/v2\/posts\/247697\/revisions"}],"wp:featuredmedia":[{"embeddable":true,"href":"https:\/\/www.messinaoggi.it\/website\/wp-json\/wp\/v2\/media\/247698"}],"wp:attachment":[{"href":"https:\/\/www.messinaoggi.it\/website\/wp-json\/wp\/v2\/media?parent=247697"}],"wp:term":[{"taxonomy":"category","embeddable":true,"href":"https:\/\/www.messinaoggi.it\/website\/wp-json\/wp\/v2\/categories?post=247697"},{"taxonomy":"post_tag","embeddable":true,"href":"https:\/\/www.messinaoggi.it\/website\/wp-json\/wp\/v2\/tags?post=247697"}],"curies":[{"name":"wp","href":"https:\/\/api.w.org\/{rel}","templated":true}]}}