{"id":24768,"date":"2018-09-26T18:13:12","date_gmt":"2018-09-26T16:13:12","guid":{"rendered":"http:\/\/www.messinaoggi.it\/website\/?p=24768"},"modified":"2018-09-26T18:13:12","modified_gmt":"2018-09-26T16:13:12","slug":"corso-intensivo-di-formazione-per-la-qualifica-di-educatore-professionale-socio-pedagogico","status":"publish","type":"post","link":"https:\/\/www.messinaoggi.it\/website\/2018\/09\/26\/corso-intensivo-di-formazione-per-la-qualifica-di-educatore-professionale-socio-pedagogico\/","title":{"rendered":"Corso intensivo di formazione per la qualifica di \u201cEducatore professionale socio-pedagogico\u201d"},"content":{"rendered":"<p class=\"p1\"><span class=\"s1\">\u2019Universit\u00e0 di Messina sta attivando, per l\u2019anno accademico 2018\/2019, il corso intensivo di formazione per la qualifica di \u201cEducatore professionale socio-pedagogico\u201d previsto dalla Legge 215 del 27 dicembre 2017, comma 597; i\u00a0termini e le modalit\u00e0 di preiscrizione\/iscrizione al Corso saranno a brevissimo rese note, anche attraverso avviso pubblicato sulle pagine web dell\u2019Ateneo.<\/span><div id=\"div-gpt-ad-Messinaoggi.it-DSK-300x250-corpoart\" style=\"text-align:center;margin:0 auto;\"><\/div><\/p>\n<p class=\"p1\"><span class=\"s1\">Il Corso, cos\u00ec come previsto dalla citata normativa, \u00e8 finalizzato a qualificare il personale in servizio presso le istituzioni socio-educative, sprovvisto del titolo di laurea, affinch\u00e9 sia in grado di operare con adeguate conoscenze e competenze nei diversi servizi e contesti, formali e non formali, del sistema italiano di istruzione, educazione e formazione.<\/span><div id=\"videoincontent\" style=\"clear:both\";><\/div><\/p>\n<p class=\"p1\"><span class=\"s1\">La partecipazione al corso \u00e8 riservata a coloro che sono in possesso di uno dei seguenti requisiti:<\/span><\/p>\n<p class=\"p1\"><span class=\"s1\">inquadramento nei ruoli delle amministrazioni pubbliche a seguito del superamento di un pubblico concorso relativo al profilo di educatore;<\/span><\/p>\n<p class=\"p1\"><span class=\"s1\">svolgimento dell\u2019attivit\u00e0 di educatore per non meno di tre anni, anche non continuativi, da attestare mediante dichiarazione del datore di lavoro ovvero autocertificazione dell\u2019interessato ai sensi del testo unico di cui al decreto del Presidente della Repubblica 28 dicembre 2000, n. 445;<\/span><\/p>\n<p class=\"p1\"><span class=\"s1\">diploma rilasciato entro l\u2019anno scolastico 2001\/2002 da un istituto magistrale o da una scuola magistrale.<\/span><\/p>\n<p class=\"p1\"><span class=\"s1\">Il corso sar\u00e0 erogato nelle discipline previste al comma 593 della \u00a0legge 215 del 27 dicembre 2017 e sar\u00e0 articolato in 6 insegnamenti, rientranti tra quelli previsti dal Corso di Studio triennale in Scienze dell\u2019Educazione (L19), ed in un project work, per complessivi 60 CFU.<\/span><\/p>\n<p class=\"p1\"><span class=\"s1\">In particolare, sono previsti:<\/span><\/p>\n<p class=\"p1\"><span class=\"s1\">n. 6 insegnamenti da 8 CFU ciascuno nei settori scientifico disciplinare M-PED\/01, M-PED\/02, M-PED\/03, M-PED\/04, M-PSI\/04 e M-FIL\/03 (48 ore di lezione frontale ciascuno), la cui frequenza delle lezioni non \u00e8 obbligatoria. I corsi si svolgeranno il gioved\u00ec e il venerd\u00ec dalle 16.30 alle 19.30 ed il sabato mattina. Tutti i materiali didattici saranno disponibili e consultabili sulla piattaforma e-learning dell\u2019Ateneo. Alla fine di ogni insegnamento \u00e8 prevista una prova di verifica scritta valutata in trentesimi e<\/span><\/p>\n<p class=\"p1\"><span class=\"s1\">un Project Work pari a 12 CFU, atto a documentare il percorso di riflessione sull\u2019esperienza professionale svolta dai partecipanti durante il corso.<\/span><\/p>\n","protected":false},"excerpt":{"rendered":"<p>\u2019Universit\u00e0 di Messina sta attivando, per l\u2019anno accademico 2018\/2019, il corso intensivo di formazione per la qualifica di \u201cEducatore professionale socio-pedagogico\u201d previsto dalla Legge 215 del 27 dicembre 2017, comma 597; i\u00a0termini e le modalit\u00e0 di preiscrizione\/iscrizione al Corso saranno a brevissimo rese note, anche attraverso avviso pubblicato sulle pagine web dell\u2019Ateneo. Il Corso, cos\u00ec [&hellip;]<\/p>\n","protected":false},"author":2,"featured_media":10360,"comment_status":"closed","ping_status":"open","sticky":false,"template":"","format":"standard","meta":{"ub_ctt_via":"","_mi_skip_tracking":false},"categories":[7],"tags":[],"featured_image_src":"https:\/\/www.messinaoggi.it\/website\/wp-content\/uploads\/2017\/10\/universita-di-messinaRRP_1724.jpg","author_info":{"display_name":"Redazione","author_link":"https:\/\/www.messinaoggi.it\/website\/author\/redazione\/"},"digistream_id":0,"digistream":false,"_links":{"self":[{"href":"https:\/\/www.messinaoggi.it\/website\/wp-json\/wp\/v2\/posts\/24768"}],"collection":[{"href":"https:\/\/www.messinaoggi.it\/website\/wp-json\/wp\/v2\/posts"}],"about":[{"href":"https:\/\/www.messinaoggi.it\/website\/wp-json\/wp\/v2\/types\/post"}],"author":[{"embeddable":true,"href":"https:\/\/www.messinaoggi.it\/website\/wp-json\/wp\/v2\/users\/2"}],"replies":[{"embeddable":true,"href":"https:\/\/www.messinaoggi.it\/website\/wp-json\/wp\/v2\/comments?post=24768"}],"version-history":[{"count":0,"href":"https:\/\/www.messinaoggi.it\/website\/wp-json\/wp\/v2\/posts\/24768\/revisions"}],"wp:featuredmedia":[{"embeddable":true,"href":"https:\/\/www.messinaoggi.it\/website\/wp-json\/wp\/v2\/media\/10360"}],"wp:attachment":[{"href":"https:\/\/www.messinaoggi.it\/website\/wp-json\/wp\/v2\/media?parent=24768"}],"wp:term":[{"taxonomy":"category","embeddable":true,"href":"https:\/\/www.messinaoggi.it\/website\/wp-json\/wp\/v2\/categories?post=24768"},{"taxonomy":"post_tag","embeddable":true,"href":"https:\/\/www.messinaoggi.it\/website\/wp-json\/wp\/v2\/tags?post=24768"}],"curies":[{"name":"wp","href":"https:\/\/api.w.org\/{rel}","templated":true}]}}