{"id":247676,"date":"2025-08-09T17:30:06","date_gmt":"2025-08-09T15:30:06","guid":{"rendered":"https:\/\/www.messinaoggi.it\/website\/2025\/08\/09\/il-sindacato-della-stampa-parlamentare-siciliana-allars-profondo-rammarico-per-la-bocciatura-della-norma-a-sostegno-delleditoria\/"},"modified":"2025-08-09T20:11:41","modified_gmt":"2025-08-09T18:11:41","slug":"il-sindacato-della-stampa-parlamentare-siciliana-allars-profondo-rammarico-per-la-bocciatura-della-norma-a-sostegno-delleditoria","status":"publish","type":"post","link":"https:\/\/www.messinaoggi.it\/website\/2025\/08\/09\/il-sindacato-della-stampa-parlamentare-siciliana-allars-profondo-rammarico-per-la-bocciatura-della-norma-a-sostegno-delleditoria\/","title":{"rendered":"Il Sindacato della Stampa Parlamentare Siciliana all\u2019Ars: \u201cProfondo rammarico per la bocciatura della norma a sostegno dell\u2019editoria\u201d"},"content":{"rendered":"<div>\n<p>PALERMO (ITALPRESS) \u2013 Il <strong>Sindacato della Stampa Parlamentare Siciliana<\/strong> ribadisce il proprio<em><strong> \u201cprofondo rammarico per la bocciatura della norma a sostegno dell\u2019editoria contenuta nella manovra ter,<\/strong> un segnale grave che rischia di indebolire ulteriormente un settore gi\u00e0 in forte difficolt\u00e0 e di colpire il diritto dei cittadini ad essere informati in modo libero, corretto e plurale\u201d.<\/em><div id=\"div-gpt-ad-Messinaoggi.it-DSK-300x250-corpoart\" style=\"text-align:center;margin:0 auto;\"><\/div><\/p>\n<p><em>\u201cIn una terra complessa e ricca come la Sicilia<\/em> \u2013 si legge nella nota \u2013 l<em>\u2018informazione professionale \u00e8 un presidio fondamentale di democrazia, legalit\u00e0 e sviluppo. Eppure, il sistema dell\u2019informazione \u00e8 oggi messo a dura prova da crisi economiche strutturali, dalla progressiva riduzione delle risorse pubbliche e dalla concorrenza di contenuti non verificati, quando non deliberatamente falsi<strong>. Il Presidente della Repubblica, Sergio Mattarella,<\/strong> ha pi\u00f9 volte ricordato che \u2018una stampa libera e autorevole \u00e8 il pilastro su cui si regge ogni democrazia matura\u2019. Non sono parole da cerimonia: sono un monito alla responsabilit\u00e0, soprattutto per chi \u2013 come voi \u2013 \u00e8 chiamato a rappresentare il popolo siciliano nelle istituzioni\u201d.<\/em><div id=\"videoincontent\" style=\"clear:both\";><\/div><\/p>\n<p><em>\u201cIl nostro appello \u00e8 semplice, ma fermo<\/em> \u2013 continua la stampa Parlamentare \u2013 <em>non permettete che i giochi di Palazzo prevalgano sul buon senso; non sacrificate la libert\u00e0 di informazione sull\u2019altare di equilibri politici contingenti; non lasciate soli i giornalisti iscritti all\u2019Ordine, che ogni giorno \u2013 anche nei corridoi di Palazzo dei Normanni \u2013 svolgono un servizio pubblico essenziale, con rigore e spirito democratico. Chiediamo che la norma a sostegno dell\u2019editoria venga riproposta, lo ha gi\u00e0 assicurato il presidente della Regione Renato Schifani, e che venga approvata a settembre all\u2019interno della manovra quater \u2013 si pu\u00f2 fare perch\u00e9 sar\u00e0 una nuova sessione di bilancio -, garantendo risorse adeguate con regole stabili e trasparenti come la presenza di almeno due giornalisti contrattualizzati nelle redazioni e la regolare registrazione delle testate giornalistiche presso i tribunali come prevede la legge, due criteri fondamentali per l\u2019accesso ai contributi pubblici da parte delle aziende editoriali\u201d.<\/em><\/p>\n<p><em><strong>\u201cSostenere l\u2019informazione non significa fare un favore a una categoria o a un amico, come qualche deputato ha persino sostenuto durante i lavori parlamentari della manovra ter:<\/strong> significa difendere il diritto dei cittadini ad essere informati, rafforzare la trasparenza della vita pubblica, valorizzare la cultura e le energie vive dell\u2019Isola. Una Sicilia senza informazione \u00e8 una Sicilia pi\u00f9 debole, pi\u00f9 esposta alle opacit\u00e0, pi\u00f9 distante dai suoi cittadini. Una Sicilia con un\u2019informazione libera, plurale e fatta da giornalisti professionisti e pubblicisti \u00e8 una Sicilia che cresce, che si interroga, che costruisce futuro. Confidiamo nella vostra responsabilit\u00e0. Il tempo per rimediare c\u2019\u00e8: usiamolo bene\u201d<\/em> conclude la nota.<\/p>\n<p>-Foto IPA Agency-<br \/>\n(ITALPRESS).<\/p>\n<\/div>\n","protected":false},"excerpt":{"rendered":"<p>PALERMO (ITALPRESS) \u2013 Il Sindacato della Stampa Parlamentare Siciliana ribadisce il proprio \u201cprofondo rammarico per la bocciatura della norma a sostegno dell\u2019editoria contenuta nella manovra ter, un segnale grave che rischia di indebolire ulteriormente un settore gi\u00e0 in forte difficolt\u00e0 e di colpire il diritto dei cittadini ad essere informati in modo libero, corretto e [&hellip;]<\/p>\n","protected":false},"author":18,"featured_media":247677,"comment_status":"closed","ping_status":"closed","sticky":false,"template":"","format":"standard","meta":{"ub_ctt_via":"","_mi_skip_tracking":false},"categories":[11,2449],"tags":[783],"featured_image_src":"https:\/\/www.messinaoggi.it\/website\/wp-content\/uploads\/2025\/08\/20230420_1872.jpg","author_info":{"display_name":"Admin","author_link":"https:\/\/www.messinaoggi.it\/website\/author\/admin\/"},"digistream_id":0,"digistream":false,"_links":{"self":[{"href":"https:\/\/www.messinaoggi.it\/website\/wp-json\/wp\/v2\/posts\/247676"}],"collection":[{"href":"https:\/\/www.messinaoggi.it\/website\/wp-json\/wp\/v2\/posts"}],"about":[{"href":"https:\/\/www.messinaoggi.it\/website\/wp-json\/wp\/v2\/types\/post"}],"author":[{"embeddable":true,"href":"https:\/\/www.messinaoggi.it\/website\/wp-json\/wp\/v2\/users\/18"}],"replies":[{"embeddable":true,"href":"https:\/\/www.messinaoggi.it\/website\/wp-json\/wp\/v2\/comments?post=247676"}],"version-history":[{"count":1,"href":"https:\/\/www.messinaoggi.it\/website\/wp-json\/wp\/v2\/posts\/247676\/revisions"}],"predecessor-version":[{"id":247683,"href":"https:\/\/www.messinaoggi.it\/website\/wp-json\/wp\/v2\/posts\/247676\/revisions\/247683"}],"wp:featuredmedia":[{"embeddable":true,"href":"https:\/\/www.messinaoggi.it\/website\/wp-json\/wp\/v2\/media\/247677"}],"wp:attachment":[{"href":"https:\/\/www.messinaoggi.it\/website\/wp-json\/wp\/v2\/media?parent=247676"}],"wp:term":[{"taxonomy":"category","embeddable":true,"href":"https:\/\/www.messinaoggi.it\/website\/wp-json\/wp\/v2\/categories?post=247676"},{"taxonomy":"post_tag","embeddable":true,"href":"https:\/\/www.messinaoggi.it\/website\/wp-json\/wp\/v2\/tags?post=247676"}],"curies":[{"name":"wp","href":"https:\/\/api.w.org\/{rel}","templated":true}]}}