{"id":247667,"date":"2025-08-09T15:32:13","date_gmt":"2025-08-09T13:32:13","guid":{"rendered":"http:\/\/www.messinaoggi.it\/website\/?p=247667"},"modified":"2025-08-09T15:32:14","modified_gmt":"2025-08-09T13:32:14","slug":"bucalo-ripulito-condominio-la-interdonato-si-dimetta","status":"publish","type":"post","link":"https:\/\/www.messinaoggi.it\/website\/2025\/08\/09\/bucalo-ripulito-condominio-la-interdonato-si-dimetta\/","title":{"rendered":"Bucalo: &#8220;Ripulito condominio, la Interdonato si dimetta&#8221;"},"content":{"rendered":"\n<p>Il consigliere della V Circoscrizione, Giovanni Bucalo, aveva segnalato l&#8217;ennesimo disservizio di MessinaServizi che aveva dimenticato per una settimana di raccogliere i rifiuti in un condominio di viale Regina Margherita.<div id=\"div-gpt-ad-Messinaoggi.it-DSK-300x250-corpoart\" style=\"text-align:center;margin:0 auto;\"><\/div><\/p>\n\n\n\n<figure class=\"wp-block-image size-large\"><img loading=\"lazy\" width=\"686\" height=\"733\" src=\"http:\/\/www.messinaoggi.it\/website\/wp-content\/uploads\/2025\/08\/0-4.jpg\" alt=\"\" class=\"wp-image-247336\" srcset=\"https:\/\/www.messinaoggi.it\/website\/wp-content\/uploads\/2025\/08\/0-4.jpg 686w, https:\/\/www.messinaoggi.it\/website\/wp-content\/uploads\/2025\/08\/0-4-281x300.jpg 281w\" sizes=\"(max-width: 686px) 100vw, 686px\" \/><figcaption><strong>Ecco com&#8217;era prima della pulizia<\/strong><\/figcaption><\/figure>\n\n\n\n<p>Dopo la denuncia \u00e8 arrivata subito la pulizia con la rimozione di una montagna di spazzatura.<div id=\"videoincontent\" style=\"clear:both\";><\/div><\/p>\n\n\n\n<figure class=\"wp-block-image size-large\"><img loading=\"lazy\" width=\"1024\" height=\"768\" src=\"http:\/\/www.messinaoggi.it\/website\/wp-content\/uploads\/2023\/12\/unnamed-3.jpg\" alt=\"\" class=\"wp-image-181438\" srcset=\"https:\/\/www.messinaoggi.it\/website\/wp-content\/uploads\/2023\/12\/unnamed-3.jpg 1024w, https:\/\/www.messinaoggi.it\/website\/wp-content\/uploads\/2023\/12\/unnamed-3-300x225.jpg 300w, https:\/\/www.messinaoggi.it\/website\/wp-content\/uploads\/2023\/12\/unnamed-3-768x576.jpg 768w\" sizes=\"(max-width: 1024px) 100vw, 1024px\" \/><figcaption><strong>L&#8217;attivo consigliere Giovanni Bucalo<\/strong><\/figcaption><\/figure>\n\n\n\n<p>Giovanni Bucalo punta l&#8217;indice contro la presidente della MessinaServizi, Mariagrazia Interdonato. &#8220;<em>Non \u00e8 all&#8217;altezza deve dimettersi perch\u00e9 una partecipata strategica come MessinaServizi non pu\u00f2 essere gestita in questo modo da una persona che non ha idea di come di gestisca un settore cos\u00ec importante. Mi auguro che lo faccia da sola o in alternativa intervenga il sindaco Basile. La Interdonato sta dimostrando di essere la persona sbagliata per la MessinaServizi. Ogni giorno mi giungono segnalazione di disservizi, montagne di spazzatura, insetti, topi e anche serpenti in tutto il rione Giostra. Siamo in piena emergenza sanitaria: chiedo al prefetto di intervenire. La MessinaServizi va subito commissarita, qui si sta giocando con la salute dei cittadini<\/em>&#8220;.<\/p>\n\n\n\n<p>Conclude un infuriato Giovanni Bucalo.<\/p>\n","protected":false},"excerpt":{"rendered":"<p>Il consigliere della V Circoscrizione, Giovanni Bucalo, aveva segnalato l&#8217;ennesimo disservizio di MessinaServizi che aveva dimenticato per una settimana di raccogliere i rifiuti in un condominio di viale Regina Margherita. Dopo la denuncia \u00e8 arrivata subito la pulizia con la rimozione di una montagna di spazzatura. Giovanni Bucalo punta l&#8217;indice contro la presidente della MessinaServizi, [&hellip;]<\/p>\n","protected":false},"author":2,"featured_media":247668,"comment_status":"open","ping_status":"open","sticky":false,"template":"","format":"standard","meta":{"ub_ctt_via":"","_mi_skip_tracking":false},"categories":[5],"tags":[],"featured_image_src":"https:\/\/www.messinaoggi.it\/website\/wp-content\/uploads\/2025\/08\/5cd45f98-cb3c-491b-9dc0-a17518ce9423.jpg","author_info":{"display_name":"Redazione","author_link":"https:\/\/www.messinaoggi.it\/website\/author\/redazione\/"},"digistream_id":0,"digistream":false,"_links":{"self":[{"href":"https:\/\/www.messinaoggi.it\/website\/wp-json\/wp\/v2\/posts\/247667"}],"collection":[{"href":"https:\/\/www.messinaoggi.it\/website\/wp-json\/wp\/v2\/posts"}],"about":[{"href":"https:\/\/www.messinaoggi.it\/website\/wp-json\/wp\/v2\/types\/post"}],"author":[{"embeddable":true,"href":"https:\/\/www.messinaoggi.it\/website\/wp-json\/wp\/v2\/users\/2"}],"replies":[{"embeddable":true,"href":"https:\/\/www.messinaoggi.it\/website\/wp-json\/wp\/v2\/comments?post=247667"}],"version-history":[{"count":1,"href":"https:\/\/www.messinaoggi.it\/website\/wp-json\/wp\/v2\/posts\/247667\/revisions"}],"predecessor-version":[{"id":247671,"href":"https:\/\/www.messinaoggi.it\/website\/wp-json\/wp\/v2\/posts\/247667\/revisions\/247671"}],"wp:featuredmedia":[{"embeddable":true,"href":"https:\/\/www.messinaoggi.it\/website\/wp-json\/wp\/v2\/media\/247668"}],"wp:attachment":[{"href":"https:\/\/www.messinaoggi.it\/website\/wp-json\/wp\/v2\/media?parent=247667"}],"wp:term":[{"taxonomy":"category","embeddable":true,"href":"https:\/\/www.messinaoggi.it\/website\/wp-json\/wp\/v2\/categories?post=247667"},{"taxonomy":"post_tag","embeddable":true,"href":"https:\/\/www.messinaoggi.it\/website\/wp-json\/wp\/v2\/tags?post=247667"}],"curies":[{"name":"wp","href":"https:\/\/api.w.org\/{rel}","templated":true}]}}