{"id":247642,"date":"2025-08-09T12:05:05","date_gmt":"2025-08-09T10:05:05","guid":{"rendered":"https:\/\/www.messinaoggi.it\/website\/2025\/08\/09\/zelensky-non-cederemo-nostre-terre-nessuna-soluzione-senza-di-noi\/"},"modified":"2025-08-09T12:05:05","modified_gmt":"2025-08-09T10:05:05","slug":"zelensky-non-cederemo-nostre-terre-nessuna-soluzione-senza-di-noi","status":"publish","type":"post","link":"https:\/\/www.messinaoggi.it\/website\/2025\/08\/09\/zelensky-non-cederemo-nostre-terre-nessuna-soluzione-senza-di-noi\/","title":{"rendered":"Zelensky \u201cNon cederemo nostre terre, nessuna soluzione senza di noi\u201d"},"content":{"rendered":"<div>KIEV (UCRAINA) (ITALPRESS) &#8211; &#8220;Naturalmente, non daremo alcun premio alla Russia per quello che ha fatto. Il popolo ucraino merita la pace. Ma tutti i partner devono capire cosa sia una pace degna. Questa guerra deve finire, e la Russia deve porvi fine. La Russia l&#8217;ha iniziata e la sta trascinando, senza rispettare scadenze, e questo \u00e8 il problema, non altro&#8221;. Cos\u00ec su Telegram Volodymyr Zelensky dopo l&#8217;annuncio del vertice tra il presidente russo, Vladimir Putin, e il presidente americano, Donald Trump in Alaska. &#8220;La risposta alla questione territoriale ucraina \u00e8 gi\u00e0 nella Costituzione ucraina. Nessuno potr\u00e0 e non potr\u00e0 discostarsi da essa. Gli ucraini non cederanno la loro terra all&#8217;occupante&#8221;.<br \/>\n&#8220;L&#8217;Ucraina \u00e8 pronta per soluzioni concrete che possano portare la pace. Qualsiasi soluzione contro di noi, qualsiasi soluzione senza l&#8217;Ucraina, \u00e8 allo stesso tempo una soluzione contro la pace. Non porter\u00e0 nulla. Queste sono soluzioni morte, non funzioneranno mai. E tutti abbiamo bisogno di una pace vera e viva che la gente rispetti. Siamo pronti, insieme al Presidente Trump e a tutti i partner, a lavorare per una pace reale e, soprattutto, duratura, una pace che non croller\u00e0 a causa della volont\u00e0 di Mosca. Ringrazio tutto il nostro popolo per essere uniti. L&#8217;Ucraina esiste. Grazie a tutti i nostri soldati per aver preservato la nostra indipendenza. Siate forti. Questa \u00e8 la nostra terra, noi siamo l&#8217;Ucraina. Gloria all&#8217;Ucraina!&#8221; ha concluso.<div id=\"div-gpt-ad-Messinaoggi.it-DSK-300x250-corpoart\" style=\"text-align:center;margin:0 auto;\"><\/div><\/p>\n<p>&#8211; Foto Ipa Agency &#8211;<div id=\"videoincontent\" style=\"clear:both\";><\/div><\/p>\n<p>(ITALPRESS).<\/p><\/div>\n","protected":false},"excerpt":{"rendered":"<p>KIEV (UCRAINA) (ITALPRESS) &#8211; &#8220;Naturalmente, non daremo alcun premio alla Russia per quello che ha fatto. Il popolo ucraino merita la pace. Ma tutti i partner devono capire cosa sia una pace degna. Questa guerra deve finire, e la Russia deve porvi fine. La Russia l&#8217;ha iniziata e la sta trascinando, senza rispettare scadenze, e [&hellip;]<\/p>\n","protected":false},"author":18,"featured_media":247643,"comment_status":"closed","ping_status":"closed","sticky":false,"template":"","format":"standard","meta":{"ub_ctt_via":"","_mi_skip_tracking":false},"categories":[446],"tags":[783],"featured_image_src":"https:\/\/www.messinaoggi.it\/website\/wp-content\/uploads\/2025\/08\/20250809_0079.jpg","author_info":{"display_name":"Admin","author_link":"https:\/\/www.messinaoggi.it\/website\/author\/admin\/"},"digistream_id":0,"digistream":false,"_links":{"self":[{"href":"https:\/\/www.messinaoggi.it\/website\/wp-json\/wp\/v2\/posts\/247642"}],"collection":[{"href":"https:\/\/www.messinaoggi.it\/website\/wp-json\/wp\/v2\/posts"}],"about":[{"href":"https:\/\/www.messinaoggi.it\/website\/wp-json\/wp\/v2\/types\/post"}],"author":[{"embeddable":true,"href":"https:\/\/www.messinaoggi.it\/website\/wp-json\/wp\/v2\/users\/18"}],"replies":[{"embeddable":true,"href":"https:\/\/www.messinaoggi.it\/website\/wp-json\/wp\/v2\/comments?post=247642"}],"version-history":[{"count":0,"href":"https:\/\/www.messinaoggi.it\/website\/wp-json\/wp\/v2\/posts\/247642\/revisions"}],"wp:featuredmedia":[{"embeddable":true,"href":"https:\/\/www.messinaoggi.it\/website\/wp-json\/wp\/v2\/media\/247643"}],"wp:attachment":[{"href":"https:\/\/www.messinaoggi.it\/website\/wp-json\/wp\/v2\/media?parent=247642"}],"wp:term":[{"taxonomy":"category","embeddable":true,"href":"https:\/\/www.messinaoggi.it\/website\/wp-json\/wp\/v2\/categories?post=247642"},{"taxonomy":"post_tag","embeddable":true,"href":"https:\/\/www.messinaoggi.it\/website\/wp-json\/wp\/v2\/tags?post=247642"}],"curies":[{"name":"wp","href":"https:\/\/api.w.org\/{rel}","templated":true}]}}