{"id":247640,"date":"2025-08-09T11:30:06","date_gmt":"2025-08-09T09:30:06","guid":{"rendered":"https:\/\/www.messinaoggi.it\/website\/2025\/08\/09\/assenza-si-allo-schifani-bis-malumori-non-legati-ad-azione-governo\/"},"modified":"2025-08-09T14:48:40","modified_gmt":"2025-08-09T12:48:40","slug":"assenza-si-allo-schifani-bis-malumori-non-legati-ad-azione-governo","status":"publish","type":"post","link":"https:\/\/www.messinaoggi.it\/website\/2025\/08\/09\/assenza-si-allo-schifani-bis-malumori-non-legati-ad-azione-governo\/","title":{"rendered":"Assenza \u201cS\u00ec allo Schifani bis, malumori non legati ad azione governo\u201d"},"content":{"rendered":"<div>\n<p>PALERMO (ITALPRESS) \u2013 \u201cI risultati del governo sono evidenti. E il dopo Schifani secondo me non pu\u00f2 che portare a uno Schifani bis\u201d. Lo ha detto Giorgio Assenza, capogruppo di Fratelli d\u2019Italia, in una intervista al Giornale di Sicilia. \u201cIl presidente all\u2019Ars ha fatto un discorso di alto profilo durante il voto sulla manovra ter criticando l\u2019ostruzionismo dell\u2019opposizione. Ecco, direi che Pd e 5 Stelle hanno avuto<br \/>un atteggiamento folle a chiedere il voto segreto su temi importantissimi\u201d continua Assenza. <br \/>\u201cDirei che la legge \u00e8 uscita integra malgrado i franchi tiratori. Le misure pi\u00f9 importanti sono passate \u2013 prosegue \u2013 Certo, non si pu\u00f2 sottovalutare il fatto che in alcune occasioni 17 deputati della maggioranza hanno votato con l\u2019opposizione. Ma proprio un numero cos\u00ec elevato dimostra che nessun partito \u00e8 esente da questo problema. Neppure FdI, anche se io penso che solo un paio dei nostri abbiano votato contro. Non \u00e8 una crisi politica. Tutto \u00e8 frutto di malumori diffusi. C\u2019\u00e8 chi non si sente abbastanza considerato. C\u2019\u00e8 chi aspira a ruoli diversi. Poi cisono partiti che vedono nascere dentro il governo un asse che sposta gli<br \/>equilibri e si oppongono a tutto ci\u00f2. E non si pu\u00f2 tacere che ci sono anche malumori verso singoli assessori\u201d. <br \/>\u201cCosa dovrebbe fare Schifani? Ho partecipato a decine di vertici di maggioranza e non sempre l\u00ec sono emersi davvero i problemi. Gli suggerirei di incontrare i gruppi singolarmente e alla presenza di tutti i deputati che ne fanno parte. Pu\u00f2 funzionare anche se mi dicono che con Forza Italia lo ha gi\u00e0 fatto, eppure i franchi tiratori sono arrivati anche dal suo partito\u201d conclude Assenza. <div id=\"div-gpt-ad-Messinaoggi.it-DSK-300x250-corpoart\" style=\"text-align:center;margin:0 auto;\"><\/div><\/p>\n<p>\u2013 Foto: Ufficio stampa Regione Siciliana \u2013 <div id=\"videoincontent\" style=\"clear:both\";><\/div><\/p>\n<p>(ITALPRESS).<\/p>\n<\/div>\n","protected":false},"excerpt":{"rendered":"<p>PALERMO (ITALPRESS) \u2013 \u201cI risultati del governo sono evidenti. E il dopo Schifani secondo me non pu\u00f2 che portare a uno Schifani bis\u201d. Lo ha detto Giorgio Assenza, capogruppo di Fratelli d\u2019Italia, in una intervista al Giornale di Sicilia. \u201cIl presidente all\u2019Ars ha fatto un discorso di alto profilo durante il voto sulla manovra ter [&hellip;]<\/p>\n","protected":false},"author":18,"featured_media":247641,"comment_status":"closed","ping_status":"closed","sticky":false,"template":"","format":"standard","meta":{"ub_ctt_via":"","_mi_skip_tracking":false},"categories":[4,2449],"tags":[783],"featured_image_src":"https:\/\/www.messinaoggi.it\/website\/wp-content\/uploads\/2025\/08\/20250809_0116.jpg","author_info":{"display_name":"Admin","author_link":"https:\/\/www.messinaoggi.it\/website\/author\/admin\/"},"digistream_id":0,"digistream":false,"_links":{"self":[{"href":"https:\/\/www.messinaoggi.it\/website\/wp-json\/wp\/v2\/posts\/247640"}],"collection":[{"href":"https:\/\/www.messinaoggi.it\/website\/wp-json\/wp\/v2\/posts"}],"about":[{"href":"https:\/\/www.messinaoggi.it\/website\/wp-json\/wp\/v2\/types\/post"}],"author":[{"embeddable":true,"href":"https:\/\/www.messinaoggi.it\/website\/wp-json\/wp\/v2\/users\/18"}],"replies":[{"embeddable":true,"href":"https:\/\/www.messinaoggi.it\/website\/wp-json\/wp\/v2\/comments?post=247640"}],"version-history":[{"count":1,"href":"https:\/\/www.messinaoggi.it\/website\/wp-json\/wp\/v2\/posts\/247640\/revisions"}],"predecessor-version":[{"id":247647,"href":"https:\/\/www.messinaoggi.it\/website\/wp-json\/wp\/v2\/posts\/247640\/revisions\/247647"}],"wp:featuredmedia":[{"embeddable":true,"href":"https:\/\/www.messinaoggi.it\/website\/wp-json\/wp\/v2\/media\/247641"}],"wp:attachment":[{"href":"https:\/\/www.messinaoggi.it\/website\/wp-json\/wp\/v2\/media?parent=247640"}],"wp:term":[{"taxonomy":"category","embeddable":true,"href":"https:\/\/www.messinaoggi.it\/website\/wp-json\/wp\/v2\/categories?post=247640"},{"taxonomy":"post_tag","embeddable":true,"href":"https:\/\/www.messinaoggi.it\/website\/wp-json\/wp\/v2\/tags?post=247640"}],"curies":[{"name":"wp","href":"https:\/\/api.w.org\/{rel}","templated":true}]}}