{"id":247632,"date":"2025-08-09T00:05:04","date_gmt":"2025-08-08T22:05:04","guid":{"rendered":"https:\/\/www.messinaoggi.it\/website\/2025\/08\/08\/schlein-silenzio-di-meloni-su-gaza-e-complicita-serve-condanna-netta\/"},"modified":"2025-08-09T15:13:11","modified_gmt":"2025-08-09T13:13:11","slug":"schlein-silenzio-di-meloni-su-gaza-e-complicita-serve-condanna-netta","status":"publish","type":"post","link":"https:\/\/www.messinaoggi.it\/website\/2025\/08\/09\/schlein-silenzio-di-meloni-su-gaza-e-complicita-serve-condanna-netta\/","title":{"rendered":"Schlein \u201cSilenzio di Meloni su Gaza \u00e8 complicit\u00e0, serve condanna netta\u201d"},"content":{"rendered":"<div>ROMA (ITALPRESS) &#8211; &#8220;Vi pare normale che con quello che sta<br \/>accadendo, con il Governo di estrema destra di Netanyahu con i<br \/>crimini che sta portando avanti a Gaza e in Cisgiordania, ieri<br \/>approva un piano totale di occupazione di Gaza, non abbiamo<br \/>sentito una parola di condanna da parte di Giorgia Meloni e del<br \/>governo italiano? Non \u00e8 emersa una parola netta di condanna da parte di Giorgia Meloni. Stanno giocando con la credibilit\u00e0 internazionale del nostro Paese, che \u00e8 stato sempre molto attendo alla questione palestinese&#8221;. Cos\u00ec la segretaria del Pd, Elly Schlein, in una diretta social. &#8220;Il nostro Paese ha una collocazione geografica naturale di ponte nel Mediterraneo con il mondo arabo. Stanno buttando tutto questo per la loro incapacit\u00e0 di dire &#8216;fermat\u00ec ai loro alleati politici Trump e Netanyahu. Si adoperino per fermare Netanyahu. Non \u00e8 possibile non sentire una voce forte, anche dell&#8217;Ue&#8221;, aggiunge. &#8220;E&#8217; gravissimo sentire dire a Giorgia Meloni che \u00e8 prematuro il riconoscimento dello Stato di Palestina. Se aspettano ancora un p\u00f2 rischiamo che non ci sia pi\u00f9 nulla da riconoscere. Chiediamo strumenti di pressione per fermare Netanyahu. Chiediamo sanzioni, l&#8217;embargo totale di armi da e per Israele, interrompere gli accordi di collaborazione tra Ue e Israele e quel memorandum di collaborazione militare che ancora esiste tra Italia e Israele&#8221;, spiega Schlein. &#8220;Con l&#8217;approvazione del programma criminale di Netanyahu e le dichiarazioni dei suoi ministri, cosa stanno aspettando Giorgia Meloni e il governo italiano a esprimersi contro questo disegno criminale? Questo silenzio su quanto sta succedendo a Gaza non \u00e8 un&#8217;opzione ma complicit\u00e0 e non vogliamo che l&#8217;Italia sia complice di questi crimini&#8221;, conclude la segretaria dem. <br \/>(ITALPRESS).<br \/>-Foto: Ipa Agency-<\/div>\n<div id=\"div-gpt-ad-Messinaoggi.it-DSK-300x250-corpoart\" style=\"text-align:center;margin:0 auto;\"><\/div><\/p><div id=\"videoincontent\" style=\"clear:both\";><\/div>","protected":false},"excerpt":{"rendered":"<p>ROMA (ITALPRESS) &#8211; &#8220;Vi pare normale che con quello che staaccadendo, con il Governo di estrema destra di Netanyahu con icrimini che sta portando avanti a Gaza e in Cisgiordania, ieriapprova un piano totale di occupazione di Gaza, non abbiamosentito una parola di condanna da parte di Giorgia Meloni e delgoverno italiano? Non \u00e8 emersa [&hellip;]<\/p>\n","protected":false},"author":18,"featured_media":247633,"comment_status":"closed","ping_status":"closed","sticky":false,"template":"","format":"standard","meta":{"ub_ctt_via":"","_mi_skip_tracking":false},"categories":[446,4],"tags":[783],"featured_image_src":"https:\/\/www.messinaoggi.it\/website\/wp-content\/uploads\/2025\/08\/20250808_1902.jpg","author_info":{"display_name":"Admin","author_link":"https:\/\/www.messinaoggi.it\/website\/author\/admin\/"},"digistream_id":0,"digistream":false,"_links":{"self":[{"href":"https:\/\/www.messinaoggi.it\/website\/wp-json\/wp\/v2\/posts\/247632"}],"collection":[{"href":"https:\/\/www.messinaoggi.it\/website\/wp-json\/wp\/v2\/posts"}],"about":[{"href":"https:\/\/www.messinaoggi.it\/website\/wp-json\/wp\/v2\/types\/post"}],"author":[{"embeddable":true,"href":"https:\/\/www.messinaoggi.it\/website\/wp-json\/wp\/v2\/users\/18"}],"replies":[{"embeddable":true,"href":"https:\/\/www.messinaoggi.it\/website\/wp-json\/wp\/v2\/comments?post=247632"}],"version-history":[{"count":1,"href":"https:\/\/www.messinaoggi.it\/website\/wp-json\/wp\/v2\/posts\/247632\/revisions"}],"predecessor-version":[{"id":247661,"href":"https:\/\/www.messinaoggi.it\/website\/wp-json\/wp\/v2\/posts\/247632\/revisions\/247661"}],"wp:featuredmedia":[{"embeddable":true,"href":"https:\/\/www.messinaoggi.it\/website\/wp-json\/wp\/v2\/media\/247633"}],"wp:attachment":[{"href":"https:\/\/www.messinaoggi.it\/website\/wp-json\/wp\/v2\/media?parent=247632"}],"wp:term":[{"taxonomy":"category","embeddable":true,"href":"https:\/\/www.messinaoggi.it\/website\/wp-json\/wp\/v2\/categories?post=247632"},{"taxonomy":"post_tag","embeddable":true,"href":"https:\/\/www.messinaoggi.it\/website\/wp-json\/wp\/v2\/tags?post=247632"}],"curies":[{"name":"wp","href":"https:\/\/api.w.org\/{rel}","templated":true}]}}