{"id":247624,"date":"2025-08-09T00:30:04","date_gmt":"2025-08-08T22:30:04","guid":{"rendered":"https:\/\/www.messinaoggi.it\/website\/2025\/08\/08\/inzaghi-un-onore-sfidare-i-marziani-del-city-palermo-e-passione\/"},"modified":"2025-08-09T14:49:28","modified_gmt":"2025-08-09T12:49:28","slug":"inzaghi-un-onore-sfidare-i-marziani-del-city-palermo-e-passione","status":"publish","type":"post","link":"https:\/\/www.messinaoggi.it\/website\/2025\/08\/09\/inzaghi-un-onore-sfidare-i-marziani-del-city-palermo-e-passione\/","title":{"rendered":"Inzaghi \u201cUn onore sfidare i marziani del City, Palermo \u00e8 passione\u201d"},"content":{"rendered":"<div>\n<p>PALERMO (ITALPRESS) \u2013 Una notte da sogno per la citt\u00e0, ma anche per lui che, per la prima volta, sperimenter\u00e0 il calore del Barbera da allenatore del <strong>Palermo<\/strong>: <strong>Filippo Inzaghi<\/strong> \u00e8 pronto per la sfida con il <strong>Manchester City<\/strong>, consapevole che i valori in campo vedono nettamente avvantaggiati gli inglesi, ma anche che il pubblico di viale del Fante pu\u00f2 essere un\u2019arma importante per affrontare al meglio la sfida.<div id=\"div-gpt-ad-Messinaoggi.it-DSK-300x250-corpoart\" style=\"text-align:center;margin:0 auto;\"><\/div><\/p>\n<p><em>\u201cSono molto contento del mercato fatto finora dalla societ\u00e0<\/em> \u2013 sottolinea il tecnico in conferenza stampa al Palermo Cfa -. <em>Sono stati fatti grandi sforzi, ma se capiter\u00e0 qualche occasione e se dovessero arrivare giocatori che ci possono aiutare a migliorare non ci faremo trovare impreparati. Da sempre quando ho giocato qui da avversario mi sono accorto della passione che c\u2019\u00e8 a Palermo. Sar\u00e0 una grande giornata di sport, siamo molto onorati che il Manchester City venga a giocare qui: Palermo merita una serata di prestigio. \u00c8 chiaro che giochiamo contro dei marziani, ma mi auguro che i giocatori mi facciano vedere quello che hanno mostrato in ritiro, al di l\u00e0 dell\u2019aspetto tecnico. Non ci saranno Magnani che si sta allenando ancora con un programma differenziato e Di Francesco\u201d.<\/em><div id=\"videoincontent\" style=\"clear:both\";><\/div><\/p>\n<p>Obiettivo dei rosa, aggiunge <strong>Inzaghi<\/strong>, deve essere quello di \u201c<em>fare una bella partita e ripagare l\u2019affetto che ci circonda e che possiamo alimentare ancora\u201d. <\/em><\/p>\n<p>Intanto un grande ex della storia del club come Javier Pastore, ha fatto visita alla squadra:<em> \u201cRingrazio Pastore per la visita di stamattina, le sue parole hanno fatto bene alla squadra: vedere che chi \u00e8 passato da Palermo spinga a sognare chi c\u2019\u00e8 adesso, \u00e8 bello, ma ci vorranno tempo e lavoro per riportare questa societ\u00e0 dove merita di stare. Giocare queste partite \u00e8 sempre il massimo: avevo un po\u2019 di timore di far vedere il Manchester City ai miei giocatori<\/em> \u2013 ride <strong>Inzaghi<\/strong> -, <em>ma possiamo sognare di arrivare a certi livelli. Apprezzo molto il modo di giocare di Guardiola e quello che trasmette alle sue squadre: incontrare lui e i dirigenti del Manchester City \u00e8 una grande emozione\u201d. <\/em><\/p>\n<p>Il desiderio del tecnico \u00e8 che <em>\u201ci giocatori capiscano cosa significa indossare la maglia del Palermo a prescindere dall\u2019avversario. Dobbiamo pensare a noi stessi e alla gestione delle energie: con la Cremonese cambier\u00f2 qualche giocatore rispetto a chi ci sar\u00e0 con il Manchester City, l\u2019obiettivo \u00e8 arrivare al campionato con 17-18 giocatori che hanno 90 minuti nelle gambe. Dal ritiro a oggi mi sembra che stiamo diventando squadra, poi chiaramente sar\u00e0 il campo a dirci se siamo sulla strada giusta\u201d.<\/em><\/p>\n<p>\u201cSuperpippo\u201d si sofferma poi sull\u2019ambiente che gli regaler\u00e0 il Barbera domani sera: <em>\u201cSe saremo bravi i nostri tifosi verranno in 35mila allo stadio anche in Serie B. Chi giocher\u00e0 con il City dimostrer\u00e0 il proprio valore: speriamo di fare una bella gara e goderci il nostro stadio: sar\u00e0 il mio primo riscaldamento da allenatore rosanero al Barbera e penso sar\u00e0 incredibile. Un pubblico cos\u00ec non pu\u00f2 essere una pressione, ma un vantaggio: tocca a noi portarlo dalla nostra parte, il mio dovere \u00e8 far s\u00ec che i giocatori diano il massimo per questa maglia\u201d. <\/em><\/p>\n<p>\u2013 Foto Palermo FC \u2013<\/p>\n<p>(ITALPRESS)<\/p>\n<\/div>\n","protected":false},"excerpt":{"rendered":"<p>PALERMO (ITALPRESS) \u2013 Una notte da sogno per la citt\u00e0, ma anche per lui che, per la prima volta, sperimenter\u00e0 il calore del Barbera da allenatore del Palermo: Filippo Inzaghi \u00e8 pronto per la sfida con il Manchester City, consapevole che i valori in campo vedono nettamente avvantaggiati gli inglesi, ma anche che il pubblico [&hellip;]<\/p>\n","protected":false},"author":18,"featured_media":247625,"comment_status":"closed","ping_status":"closed","sticky":false,"template":"","format":"standard","meta":{"ub_ctt_via":"","_mi_skip_tracking":false},"categories":[10,2449,9],"tags":[783],"featured_image_src":"https:\/\/www.messinaoggi.it\/website\/wp-content\/uploads\/2025\/08\/inzaghi-.jpg","author_info":{"display_name":"Admin","author_link":"https:\/\/www.messinaoggi.it\/website\/author\/admin\/"},"digistream_id":0,"digistream":false,"_links":{"self":[{"href":"https:\/\/www.messinaoggi.it\/website\/wp-json\/wp\/v2\/posts\/247624"}],"collection":[{"href":"https:\/\/www.messinaoggi.it\/website\/wp-json\/wp\/v2\/posts"}],"about":[{"href":"https:\/\/www.messinaoggi.it\/website\/wp-json\/wp\/v2\/types\/post"}],"author":[{"embeddable":true,"href":"https:\/\/www.messinaoggi.it\/website\/wp-json\/wp\/v2\/users\/18"}],"replies":[{"embeddable":true,"href":"https:\/\/www.messinaoggi.it\/website\/wp-json\/wp\/v2\/comments?post=247624"}],"version-history":[{"count":1,"href":"https:\/\/www.messinaoggi.it\/website\/wp-json\/wp\/v2\/posts\/247624\/revisions"}],"predecessor-version":[{"id":247650,"href":"https:\/\/www.messinaoggi.it\/website\/wp-json\/wp\/v2\/posts\/247624\/revisions\/247650"}],"wp:featuredmedia":[{"embeddable":true,"href":"https:\/\/www.messinaoggi.it\/website\/wp-json\/wp\/v2\/media\/247625"}],"wp:attachment":[{"href":"https:\/\/www.messinaoggi.it\/website\/wp-json\/wp\/v2\/media?parent=247624"}],"wp:term":[{"taxonomy":"category","embeddable":true,"href":"https:\/\/www.messinaoggi.it\/website\/wp-json\/wp\/v2\/categories?post=247624"},{"taxonomy":"post_tag","embeddable":true,"href":"https:\/\/www.messinaoggi.it\/website\/wp-json\/wp\/v2\/tags?post=247624"}],"curies":[{"name":"wp","href":"https:\/\/api.w.org\/{rel}","templated":true}]}}