{"id":24762,"date":"2018-09-26T13:22:58","date_gmt":"2018-09-26T11:22:58","guid":{"rendered":"http:\/\/www.messinaoggi.it\/website\/?p=24762"},"modified":"2018-09-26T13:22:58","modified_gmt":"2018-09-26T11:22:58","slug":"al-via-la-v-edizione-di-sabirfest-venerdi-la-presentazione-al-rettorato","status":"publish","type":"post","link":"https:\/\/www.messinaoggi.it\/website\/2018\/09\/26\/al-via-la-v-edizione-di-sabirfest-venerdi-la-presentazione-al-rettorato\/","title":{"rendered":"Al via la V\u00b0 edizione di SabirFest, venerd\u00ec la presentazione al Rettorato"},"content":{"rendered":"<p>Venerd\u00ec, alle ore 11.00, sar\u00e0 presentata \u00a0presso la Sala Senato, al Rettorato dell\u2019Ateneo peloritano, la V edizione, di Sabirfest Cultura e cittadinanza mediterranea. Com\u2019\u00e8 ormai consuetudine il Festival si svolger\u00e0 dal 4 al 7 ottobre interessando tre diverse citt\u00e0, Messina, Catania e Reggio Calabria, per dare corpo a un dialogo condiviso e fecondo, intrecciando i percorsi di cittadini di ogni et\u00e0. SabirFest 2018 \u00e8 possibile grazie al prezioso sostegno dell\u2019Ateneo Peloritano, al coinvolgimento di enti, ordini professionali e associazioni culturali e del volontariato.<br \/>\nIl ricco programma sar\u00e0 illustrato alla presenza del Rettore Salvatore Cuzzocrea, del Prorettore vicario, Professore Giovanni Moschella, e dei componenti il Comitato Promotore SabirFest, presieduto da Ugo Magno.<br \/>\nTema di quest\u2019anno \u00e8 \u00abRiparare l&#8217;umano\u00bb, tema complesso ma urgente ai giorni nostri; invito e auspicio, ma al contempo \u201cazzardo\u201d per mettere in luce dissonanze, squilibri e abusi del nostro tempo e provare a far emergere il desiderio, la determinazione a non rassegnarsi, a non subirli.\u00a0 Se ne parler\u00e0 strutturando l\u2019argomento in ambiti disciplinari diversi; dalla filosofia alla letteratura, dalla scienza al teatro, dalla musica alle arti visive \u2013 nel corso di seminari, laboratori, incontri performance,\u00a0 che coinvolgeranno insieme al pubblico scrittori, esperti, studiosi\u00a0 ospiti della manifestazione.<br \/>\n <div id=\"div-gpt-ad-Messinaoggi.it-DSK-300x250-corpoart\" style=\"text-align:center;margin:0 auto;\"><\/div><\/p>\n<div id=\"videoincontent\" style=\"clear:both\";><\/div>","protected":false},"excerpt":{"rendered":"<p>Venerd\u00ec, alle ore 11.00, sar\u00e0 presentata \u00a0presso la Sala Senato, al Rettorato dell\u2019Ateneo peloritano, la V edizione, di Sabirfest Cultura e cittadinanza mediterranea. Com\u2019\u00e8 ormai consuetudine il Festival si svolger\u00e0 dal 4 al 7 ottobre interessando tre diverse citt\u00e0, Messina, Catania e Reggio Calabria, per dare corpo a un dialogo condiviso e fecondo, intrecciando i [&hellip;]<\/p>\n","protected":false},"author":5,"featured_media":24763,"comment_status":"closed","ping_status":"open","sticky":false,"template":"","format":"standard","meta":{"ub_ctt_via":"","_mi_skip_tracking":false},"categories":[16],"tags":[],"featured_image_src":"https:\/\/www.messinaoggi.it\/website\/wp-content\/uploads\/2018\/09\/Sabirfest.jpg","author_info":{"display_name":"Maria Antonella Saia","author_link":"https:\/\/www.messinaoggi.it\/website\/author\/m-saia\/"},"digistream_id":0,"digistream":false,"_links":{"self":[{"href":"https:\/\/www.messinaoggi.it\/website\/wp-json\/wp\/v2\/posts\/24762"}],"collection":[{"href":"https:\/\/www.messinaoggi.it\/website\/wp-json\/wp\/v2\/posts"}],"about":[{"href":"https:\/\/www.messinaoggi.it\/website\/wp-json\/wp\/v2\/types\/post"}],"author":[{"embeddable":true,"href":"https:\/\/www.messinaoggi.it\/website\/wp-json\/wp\/v2\/users\/5"}],"replies":[{"embeddable":true,"href":"https:\/\/www.messinaoggi.it\/website\/wp-json\/wp\/v2\/comments?post=24762"}],"version-history":[{"count":0,"href":"https:\/\/www.messinaoggi.it\/website\/wp-json\/wp\/v2\/posts\/24762\/revisions"}],"wp:featuredmedia":[{"embeddable":true,"href":"https:\/\/www.messinaoggi.it\/website\/wp-json\/wp\/v2\/media\/24763"}],"wp:attachment":[{"href":"https:\/\/www.messinaoggi.it\/website\/wp-json\/wp\/v2\/media?parent=24762"}],"wp:term":[{"taxonomy":"category","embeddable":true,"href":"https:\/\/www.messinaoggi.it\/website\/wp-json\/wp\/v2\/categories?post=24762"},{"taxonomy":"post_tag","embeddable":true,"href":"https:\/\/www.messinaoggi.it\/website\/wp-json\/wp\/v2\/tags?post=24762"}],"curies":[{"name":"wp","href":"https:\/\/api.w.org\/{rel}","templated":true}]}}