{"id":247542,"date":"2025-08-08T00:15:04","date_gmt":"2025-08-07T22:15:04","guid":{"rendered":"https:\/\/www.messinaoggi.it\/website\/2025\/08\/07\/il-generale-luongo-visita-i-reparti-dei-carabinieri-di-pantelleria-e-lampedusa\/"},"modified":"2025-08-08T11:32:40","modified_gmt":"2025-08-08T09:32:40","slug":"il-generale-luongo-visita-i-reparti-dei-carabinieri-di-pantelleria-e-lampedusa","status":"publish","type":"post","link":"https:\/\/www.messinaoggi.it\/website\/2025\/08\/08\/il-generale-luongo-visita-i-reparti-dei-carabinieri-di-pantelleria-e-lampedusa\/","title":{"rendered":"Il Generale Luongo visita i reparti dei Carabinieri di Pantelleria e Lampedusa"},"content":{"rendered":"<div>\n<p>ROMA (ITALPRESS) \u2013 Il Comandante Generale dell\u2019<strong>Arma dei<\/strong> <strong>Carabinieri<\/strong>, Generale di Corpo d\u2019Armata <strong>Salvatore Luongo<\/strong>, ha visitato i Reparti presenti nelle isole di <strong>Pantelleria<\/strong> e <strong>Lampedusa<\/strong>.<div id=\"div-gpt-ad-Messinaoggi.it-DSK-300x250-corpoart\" style=\"text-align:center;margin:0 auto;\"><\/div><\/p>\n<p>Le visite, sottolinea una nota, <em>\u201channo rappresentato un ulteriore emblematico e concreto segnale di vicinanza del Vertice dell\u2019Arma alle comunit\u00e0 ed ai Reparti pi\u00f9 distanti dal centro, il cui personale \u00e8 stato aumentato con servizi provvisori anche per affrontare le esigenze del periodo estivo, creando sinergie e mettendo a sistema tutte le componenti specialistiche (navale, forestale e mobile) dell\u2019Arma con quello che \u00e8 il cuore pulsante e cio\u00e8 \u2018l\u2019Arma sul territorio\u2019\u201d.<\/em><div id=\"videoincontent\" style=\"clear:both\";><\/div><\/p>\n<p><img loading=\"lazy\" decoding=\"async\" class=\"aligncenter wp-image-565456 size-large\" src=\"http:\/\/www.messinaoggi.it\/website\/wp-content\/uploads\/2025\/08\/luongo-1-1024x744-1.jpg\" alt=\"\" width=\"696\" height=\"506\" srcset=\"http:\/\/www.messinaoggi.it\/website\/wp-content\/uploads\/2025\/08\/luongo-1-1024x744-1.jpg 1024w, https:\/\/www.italpress.com\/wp-content\/uploads\/2025\/08\/luongo-1-300x218.jpg 300w, https:\/\/www.italpress.com\/wp-content\/uploads\/2025\/08\/luongo-1-768x558.jpg 768w, https:\/\/www.italpress.com\/wp-content\/uploads\/2025\/08\/luongo-1-324x235.jpg 324w, https:\/\/www.italpress.com\/wp-content\/uploads\/2025\/08\/luongo-1-696x506.jpg 696w, https:\/\/www.italpress.com\/wp-content\/uploads\/2025\/08\/luongo-1-1068x776.jpg 1068w, https:\/\/www.italpress.com\/wp-content\/uploads\/2025\/08\/luongo-1-578x420.jpg 578w, https:\/\/www.italpress.com\/wp-content\/uploads\/2025\/08\/luongo-1.jpg 1487w\" sizes=\"(max-width: 696px) 100vw, 696px\"><\/p>\n<p>A Pantelleria, accolto dai Comandanti delle Stazioni Carabinieri Territoriale e di Polizia Militare presso l\u2019Aeronautica, del Nucleo Forestale nonch\u00e9 dal Comandante della motovedetta, ha incontrato una rappresentanza delle varie componenti dell\u2019Arma presenti sull\u2019isola.<\/p>\n<p>A seguire, il generale Luongo si \u00e8 recato sull\u2019isola di Lampedusa. Qui, accolto dai Comandanti della Tenenza, della Stazione Carabinieri di Polizia Militare presso l\u2019Aeronautica, del Nucleo Forestale nonch\u00e9 dal Comandante della motovedetta, nella sede della Tenenza cittadina, ha salutato i militari dei diversi Reparti che operano nell\u2019isola. Ha successivamente visitato l\u2019hotspot dove presta servizio anche personale dell\u2019Arma.<br \/>\nIn entrambe le visite, il Generale Luongo, ha ringraziato i Carabinieri<em> \u201cper il quotidiano impegno profuso al servizio delle comunit\u00e0\u201d.<\/em><\/p>\n<p><img loading=\"lazy\" decoding=\"async\" class=\"aligncenter wp-image-565459 size-large\" src=\"http:\/\/www.messinaoggi.it\/website\/wp-content\/uploads\/2025\/08\/luongo-2-1024x768-1.jpg\" alt=\"\" width=\"696\" height=\"522\" srcset=\"http:\/\/www.messinaoggi.it\/website\/wp-content\/uploads\/2025\/08\/luongo-2-1024x768-1.jpg 1024w, https:\/\/www.italpress.com\/wp-content\/uploads\/2025\/08\/luongo-2-300x225.jpg 300w, https:\/\/www.italpress.com\/wp-content\/uploads\/2025\/08\/luongo-2-768x576.jpg 768w, https:\/\/www.italpress.com\/wp-content\/uploads\/2025\/08\/luongo-2-80x60.jpg 80w, https:\/\/www.italpress.com\/wp-content\/uploads\/2025\/08\/luongo-2-265x198.jpg 265w, https:\/\/www.italpress.com\/wp-content\/uploads\/2025\/08\/luongo-2-696x522.jpg 696w, https:\/\/www.italpress.com\/wp-content\/uploads\/2025\/08\/luongo-2-1068x801.jpg 1068w, https:\/\/www.italpress.com\/wp-content\/uploads\/2025\/08\/luongo-2-560x420.jpg 560w, https:\/\/www.italpress.com\/wp-content\/uploads\/2025\/08\/luongo-2.jpg 1440w\" sizes=\"(max-width: 696px) 100vw, 696px\"><\/p>\n<p>In particolare, il Comandante Generale ha evidenziato <em>\u201cl\u2019ottimo lavoro svolto\u201d<\/em>, sottolineando <em>\u201cl\u2019importanza di instaurare un legame forte con i cittadini, i quali vedono nelle Stazioni dell\u2019Arma delle porte della speranza\u201d<\/em>. Sia a Pantelleria che a Lampedusa il Comandante Generale \u00e8 salito a bordo delle motovedette classe N800. Oltre a ci\u00f2 ha ringraziato le delegazioni dell\u2019Associazione Nazionale Carabinieri in congedo ed ha ricordato come non si smetta mai di essere Carabinieri.<\/p>\n<p>Infine, il Comandante Generale ha rimarcato come i suoi incontri ai Reparti <em>\u201cservono anche per mettere a sistema qualche correttivo volto a migliorare i processi operativi, sempre per renderli pi\u00f9 funzionali alle esigenze delle comunit\u00e0 sul territorio nazionale\u201d.<\/em><\/p>\n<p>\u2013 Foto ufficio stampa Carabinieri \u2013<\/p>\n<p>(ITALPRESS)<\/p>\n<\/div>\n","protected":false},"excerpt":{"rendered":"<p>ROMA (ITALPRESS) \u2013 Il Comandante Generale dell\u2019Arma dei Carabinieri, Generale di Corpo d\u2019Armata Salvatore Luongo, ha visitato i Reparti presenti nelle isole di Pantelleria e Lampedusa. Le visite, sottolinea una nota, \u201channo rappresentato un ulteriore emblematico e concreto segnale di vicinanza del Vertice dell\u2019Arma alle comunit\u00e0 ed ai Reparti pi\u00f9 distanti dal centro, il cui [&hellip;]<\/p>\n","protected":false},"author":18,"featured_media":247543,"comment_status":"closed","ping_status":"closed","sticky":false,"template":"","format":"standard","meta":{"ub_ctt_via":"","_mi_skip_tracking":false},"categories":[11,2449],"tags":[783],"featured_image_src":"https:\/\/www.messinaoggi.it\/website\/wp-content\/uploads\/2025\/08\/carabinieri.jpg","author_info":{"display_name":"Admin","author_link":"https:\/\/www.messinaoggi.it\/website\/author\/admin\/"},"digistream_id":0,"digistream":false,"_links":{"self":[{"href":"https:\/\/www.messinaoggi.it\/website\/wp-json\/wp\/v2\/posts\/247542"}],"collection":[{"href":"https:\/\/www.messinaoggi.it\/website\/wp-json\/wp\/v2\/posts"}],"about":[{"href":"https:\/\/www.messinaoggi.it\/website\/wp-json\/wp\/v2\/types\/post"}],"author":[{"embeddable":true,"href":"https:\/\/www.messinaoggi.it\/website\/wp-json\/wp\/v2\/users\/18"}],"replies":[{"embeddable":true,"href":"https:\/\/www.messinaoggi.it\/website\/wp-json\/wp\/v2\/comments?post=247542"}],"version-history":[{"count":1,"href":"https:\/\/www.messinaoggi.it\/website\/wp-json\/wp\/v2\/posts\/247542\/revisions"}],"predecessor-version":[{"id":247576,"href":"https:\/\/www.messinaoggi.it\/website\/wp-json\/wp\/v2\/posts\/247542\/revisions\/247576"}],"wp:featuredmedia":[{"embeddable":true,"href":"https:\/\/www.messinaoggi.it\/website\/wp-json\/wp\/v2\/media\/247543"}],"wp:attachment":[{"href":"https:\/\/www.messinaoggi.it\/website\/wp-json\/wp\/v2\/media?parent=247542"}],"wp:term":[{"taxonomy":"category","embeddable":true,"href":"https:\/\/www.messinaoggi.it\/website\/wp-json\/wp\/v2\/categories?post=247542"},{"taxonomy":"post_tag","embeddable":true,"href":"https:\/\/www.messinaoggi.it\/website\/wp-json\/wp\/v2\/tags?post=247542"}],"curies":[{"name":"wp","href":"https:\/\/api.w.org\/{rel}","templated":true}]}}