{"id":247534,"date":"2025-08-07T18:05:09","date_gmt":"2025-08-07T16:05:09","guid":{"rendered":"https:\/\/www.messinaoggi.it\/website\/2025\/08\/07\/cremlino-incontro-putin-trump-nei-prossimi-giorni\/"},"modified":"2025-08-07T18:05:09","modified_gmt":"2025-08-07T16:05:09","slug":"cremlino-incontro-putin-trump-nei-prossimi-giorni","status":"publish","type":"post","link":"https:\/\/www.messinaoggi.it\/website\/2025\/08\/07\/cremlino-incontro-putin-trump-nei-prossimi-giorni\/","title":{"rendered":"Cremlino \u201cIncontro Putin-Trump nei prossimi giorni\u201d"},"content":{"rendered":"<div>MOSCA (RUSSIA) (ITALPRESS) &#8211; Russia e Stati Uniti hanno concordato un incontro tra i presidenti dei due Paesi, Vladimir Putin e Donald Trump, nei prossimi giorni. Lo ha dichiarato ai giornalisti il consigliere presidenziale russo Yuri Ushakov, secondo quanto riporta l&#8217;agenzia Tass. I lavori per il vertice sono appena iniziati, ha aggiunto, ed \u00e8 stata concordata anche la sede dell&#8217;incontro, che verr\u00e0 resa nota pi\u00f9 avanti. &#8220;Su suggerimento della parte americana, \u00e8 stato concordato un accordo di principio per tenere un incontro bilaterale al massimo livello nei prossimi giorni, ovvero un incontro tra il presidente Vladimir Putin e Donald Trump&#8221;, ha affermato il diplomatico. &#8220;A questo proposito, vorrei sottolineare che anche la sede \u00e8 stata concordata in linea di principio e ne daremo notizia pi\u00f9 avanti&#8221;, ha aggiunto.<br \/>(ITALPRESS).<br \/> -Foto Ipa Agency-<\/div>\n<div id=\"div-gpt-ad-Messinaoggi.it-DSK-300x250-corpoart\" style=\"text-align:center;margin:0 auto;\"><\/div><\/p><div id=\"videoincontent\" style=\"clear:both\";><\/div>","protected":false},"excerpt":{"rendered":"<p>MOSCA (RUSSIA) (ITALPRESS) &#8211; Russia e Stati Uniti hanno concordato un incontro tra i presidenti dei due Paesi, Vladimir Putin e Donald Trump, nei prossimi giorni. Lo ha dichiarato ai giornalisti il consigliere presidenziale russo Yuri Ushakov, secondo quanto riporta l&#8217;agenzia Tass. I lavori per il vertice sono appena iniziati, ha aggiunto, ed \u00e8 stata [&hellip;]<\/p>\n","protected":false},"author":18,"featured_media":247535,"comment_status":"closed","ping_status":"closed","sticky":false,"template":"","format":"standard","meta":{"ub_ctt_via":"","_mi_skip_tracking":false},"categories":[446],"tags":[783],"featured_image_src":"https:\/\/www.messinaoggi.it\/website\/wp-content\/uploads\/2025\/08\/20250807_1578.jpg","author_info":{"display_name":"Admin","author_link":"https:\/\/www.messinaoggi.it\/website\/author\/admin\/"},"digistream_id":0,"digistream":false,"_links":{"self":[{"href":"https:\/\/www.messinaoggi.it\/website\/wp-json\/wp\/v2\/posts\/247534"}],"collection":[{"href":"https:\/\/www.messinaoggi.it\/website\/wp-json\/wp\/v2\/posts"}],"about":[{"href":"https:\/\/www.messinaoggi.it\/website\/wp-json\/wp\/v2\/types\/post"}],"author":[{"embeddable":true,"href":"https:\/\/www.messinaoggi.it\/website\/wp-json\/wp\/v2\/users\/18"}],"replies":[{"embeddable":true,"href":"https:\/\/www.messinaoggi.it\/website\/wp-json\/wp\/v2\/comments?post=247534"}],"version-history":[{"count":0,"href":"https:\/\/www.messinaoggi.it\/website\/wp-json\/wp\/v2\/posts\/247534\/revisions"}],"wp:featuredmedia":[{"embeddable":true,"href":"https:\/\/www.messinaoggi.it\/website\/wp-json\/wp\/v2\/media\/247535"}],"wp:attachment":[{"href":"https:\/\/www.messinaoggi.it\/website\/wp-json\/wp\/v2\/media?parent=247534"}],"wp:term":[{"taxonomy":"category","embeddable":true,"href":"https:\/\/www.messinaoggi.it\/website\/wp-json\/wp\/v2\/categories?post=247534"},{"taxonomy":"post_tag","embeddable":true,"href":"https:\/\/www.messinaoggi.it\/website\/wp-json\/wp\/v2\/tags?post=247534"}],"curies":[{"name":"wp","href":"https:\/\/api.w.org\/{rel}","templated":true}]}}