{"id":247522,"date":"2025-08-07T14:05:05","date_gmt":"2025-08-07T12:05:05","guid":{"rendered":"https:\/\/www.messinaoggi.it\/website\/2025\/08\/07\/almasri-schlein-da-meloni-insinuazioni-eversive-sui-giudici\/"},"modified":"2025-08-07T14:05:05","modified_gmt":"2025-08-07T12:05:05","slug":"almasri-schlein-da-meloni-insinuazioni-eversive-sui-giudici","status":"publish","type":"post","link":"https:\/\/www.messinaoggi.it\/website\/2025\/08\/07\/almasri-schlein-da-meloni-insinuazioni-eversive-sui-giudici\/","title":{"rendered":"Almasri, Schlein \u201cDa Meloni insinuazioni eversive sui giudici\u201d"},"content":{"rendered":"<div>ROMA (ITALPRESS) &#8211;<em> &#8220;Chiedo perch\u00e8 il governo ha cambiato posizione almeno tre volte mentendo in Parlamento. Colpisce il senso di impunit\u00e0, come se a chi governa tutto fosse lecito, anche non rispettare le leggi internazionale quelle nazionali. In tutto questo Meloni stavolta ha detto una cosa giusta: che \u00e8 impensabile che tre suoi ministri abbiano agito senza che lei condividesse pienamente la scelta. <strong>Ma allora perch\u00e8 ha rifiutato di venire in Parlamento a spiegare la responsabilit\u00e0 politica che si \u00e8 assunta solo oggi, otto mesi dopo, davanti a un&#8217;autorizzazione a procedere chiesta dal tribunale dei ministri?&#8221;<\/strong><\/em><strong>.<\/strong> Cos\u00ec la <strong>segretaria del Pd, Elly Schlein, in un&#8217;intervista al Domani sul caso Almasri.<\/strong><div id=\"div-gpt-ad-Messinaoggi.it-DSK-300x250-corpoart\" style=\"text-align:center;margin:0 auto;\"><\/div><\/p>\n<p>Sul fatto che la premier ha promesso di andare in Parlamento, la segretaria dem osserva: &#8220;<em>Al momento ha solo detto che si sieder\u00e0 accanto ai ministri. Noi chiediamo che parli lei. Ma ripeto: perch\u00e8 non l&#8217;ha fatto quando glielo abbiamo chiesto? Vuol dire che senza il lavoro doveroso della magistratura pensava di non dover spiegare al Paese perch\u00e8 ha deciso di scarcerare un torturatore? Non \u00e8 un caso che abbiano usato questa vicenda per alzare lo scontro con la magistratura. Lo fanno sistematicamente: lo hanno fatto anche con la sentenza della Corte europea sui paesi sicuri. Accusano anche i giudici europei di voler contrastare la riforma della giustizia italiana? Insinuare che i giudici agiscano non a tutela della lei e ma per un disegno politico \u00e8 un atteggiamento eversivo. E non \u00e8 la prima volta&#8221;,<\/em> conclude.<br \/>\n(ITALPRESS).<br \/>\n-Foto: Ipa Agency-<\/div>\n<div id=\"videoincontent\" style=\"clear:both\";><\/div>","protected":false},"excerpt":{"rendered":"<p>ROMA (ITALPRESS) &#8211; &#8220;Chiedo perch\u00e8 il governo ha cambiato posizione almeno tre volte mentendo in Parlamento. Colpisce il senso di impunit\u00e0, come se a chi governa tutto fosse lecito, anche non rispettare le leggi internazionale quelle nazionali. In tutto questo Meloni stavolta ha detto una cosa giusta: che \u00e8 impensabile che tre suoi ministri abbiano [&hellip;]<\/p>\n","protected":false},"author":18,"featured_media":247523,"comment_status":"closed","ping_status":"closed","sticky":false,"template":"","format":"standard","meta":{"ub_ctt_via":"","_mi_skip_tracking":false},"categories":[446],"tags":[783],"featured_image_src":"https:\/\/www.messinaoggi.it\/website\/wp-content\/uploads\/2025\/08\/20250807_0607.jpg","author_info":{"display_name":"Admin","author_link":"https:\/\/www.messinaoggi.it\/website\/author\/admin\/"},"digistream_id":0,"digistream":false,"_links":{"self":[{"href":"https:\/\/www.messinaoggi.it\/website\/wp-json\/wp\/v2\/posts\/247522"}],"collection":[{"href":"https:\/\/www.messinaoggi.it\/website\/wp-json\/wp\/v2\/posts"}],"about":[{"href":"https:\/\/www.messinaoggi.it\/website\/wp-json\/wp\/v2\/types\/post"}],"author":[{"embeddable":true,"href":"https:\/\/www.messinaoggi.it\/website\/wp-json\/wp\/v2\/users\/18"}],"replies":[{"embeddable":true,"href":"https:\/\/www.messinaoggi.it\/website\/wp-json\/wp\/v2\/comments?post=247522"}],"version-history":[{"count":0,"href":"https:\/\/www.messinaoggi.it\/website\/wp-json\/wp\/v2\/posts\/247522\/revisions"}],"wp:featuredmedia":[{"embeddable":true,"href":"https:\/\/www.messinaoggi.it\/website\/wp-json\/wp\/v2\/media\/247523"}],"wp:attachment":[{"href":"https:\/\/www.messinaoggi.it\/website\/wp-json\/wp\/v2\/media?parent=247522"}],"wp:term":[{"taxonomy":"category","embeddable":true,"href":"https:\/\/www.messinaoggi.it\/website\/wp-json\/wp\/v2\/categories?post=247522"},{"taxonomy":"post_tag","embeddable":true,"href":"https:\/\/www.messinaoggi.it\/website\/wp-json\/wp\/v2\/tags?post=247522"}],"curies":[{"name":"wp","href":"https:\/\/api.w.org\/{rel}","templated":true}]}}