{"id":247474,"date":"2025-08-06T18:05:07","date_gmt":"2025-08-06T16:05:07","guid":{"rendered":"https:\/\/www.messinaoggi.it\/website\/2025\/08\/06\/pedemontana-sud-delle-marche-anas-avvia-i-lavori-di-ammodernamento\/"},"modified":"2025-08-06T18:05:07","modified_gmt":"2025-08-06T16:05:07","slug":"pedemontana-sud-delle-marche-anas-avvia-i-lavori-di-ammodernamento","status":"publish","type":"post","link":"https:\/\/www.messinaoggi.it\/website\/2025\/08\/06\/pedemontana-sud-delle-marche-anas-avvia-i-lavori-di-ammodernamento\/","title":{"rendered":"Pedemontana Sud delle Marche, Anas avvia i lavori di ammodernamento"},"content":{"rendered":"<div>ANCONA (ITALPRESS) &#8211; Anas ha avviato i lavori di ammodernamento del tracciato stradale dell&#8217;itinerario Belforte del Chienti (MC) &#8211; Mozzano (AP) che costituisce la &#8220;Pedemontana Sud delle Marche&#8221;. Questo primo intervento riguarda, in particolare, un tratto di 1,7 km della strada statale 502-78 nel comune di Cessapalombo in provincia di Macerata.<br \/>L&#8217;avvio del cantiere \u00e8 avvenuto alla presenza del Presidente del Consiglio Giorgia Meloni.<br \/>Hanno partecipato tra gli altri: il Presidente della Regione Marche Francesco Acquaroli, l&#8217;Amministratore Delegato di Anas, Claudio Andrea Gemme, il Presidente di Anas, Giuseppe Pecoraro, il Soggetto attuatore del piano di ripristino della viabilit\u00e0 post sisma, Fulvio Maria Soccodato, il Commissario Straordinario del Governo per la ricostruzione Sisma 2016, Guido Castelli, il Sindaco del Comune di Cessapalombo, Giuseppina Feliciotti.<br \/>&#8220;Questo intervento &#8211; ha affermato l&#8217;AD di Anas Claudio Andrea Gemme- d\u00e0 il via alla realizzazione di un programma che migliorer\u00e0 l&#8217;accessibilit\u00e0 delle aree interne dell&#8217;Appennino e il loro collegamento con la viabilit\u00e0 statale. Un requisito necessario allo sviluppo economico e sociale di questa parte di territorio. Per le Marche il programma comporta investimenti di oltre un miliardo di euro che si aggiunge al piano di circa 4,6 miliardi di euro che Anas ha attivato in questa regione. Stiamo realizzando opere molto importanti per le Marche: il collegamento tra il Porto di Ancona e la statale Adriatica, il raddoppio della variante di Ancona, il potenziamento della Salaria e stiamo avanzando con la progettazione della E78 Grosseto-Fano&#8221;.<br \/>&#8220;Con il programma RiViTA e il piano Salaria stiamo attuando un programma di investimenti che non ha precedenti sulla rete stradale delle aree interne&#8221; ha affermato l&#8217;ingegner Fulvio Maria Soccodato, soggetto attuatore del piano di ripristino della viabilit\u00e0 post sisma e Commissario Straordinario per il potenziamento della statale Salaria. &#8220;La Pedemontana Sud costituir\u00e0 un&#8217;asse di collegamento alternativo alla A14 tra la statale 77 e la Salaria adeguando le infrastrutture stradali alle necessit\u00e0 odierne e consentendo di migliorare la sicurezza stradale, ridurre i tempi di percorrenza e garantire resilienza e durabilit\u00e0 delle opere. In sinergia con il programma di riqualificazione e potenziamento della Salaria, gi\u00e0 in fase di realizzazione, si consentir\u00e0 anche una migliore connessione verso il versante tirrenico e la Capitale&#8221;.<br \/>Il cantiere avviato oggi riguarda il miglioramento di un tratto della strada statale 502 &#8220;di Cingoli&#8221; nel comune di Cessapalombo (localit\u00e0 Colfano), in provincia di Macerata, per un investimento di 21,6 milioni di euro. I lavori consistono nell&#8217;adeguamento del tracciato esistente e nella costruzione di un nuovo tratto che supera una profonda tortuosit\u00e0 e scavalca il fiume Fiastrone.<br \/>L&#8217;intervento comprende la realizzazione di una galleria artificiale di 47 metri e di un viadotto di \u00a0192 metri.<br \/>Il tracciato cos\u00ec ammodernato si estende complessivamente per 1,7 km, consentendo il superamento di un tratto esistente di complessa geometria stradale, con una riduzione di circa 500 metri rispetto al tracciato precedente.<br \/>Il completamento \u00e8 previsto entro due anni e tre mesi.<br \/>I lavori consentono di migliorare notevolmente i livelli di sicurezza e i tempi di percorrenza superando le attuali criticit\u00e0: scarsa visibilit\u00e0, curve a difficile percorribilit\u00e0, edifici vicini ai margini stradali.<br \/>Le scelte progettuali adottate tengono conto del senso di appartenenza delle comunit\u00e0 al proprio territorio, riconoscendo il paesaggio come risultato dell&#8217;interazione storica tra popolazione e ambiente. In quest&#8217;ottica, il progetto delle opere maggiori si inserisce nel contesto esistente in modo rispettoso e consapevole, valorizzando i segni identitari del luogo.<br \/>Inoltre, il progetto considera la necessit\u00e0 di aumentare l&#8217;adattamento ai cambiamenti climatici, ad esempio inserendo una migliore gestione delle acque di piattaforma, e prevede opere di rinaturalizzazione dei tratti dismessi, opere a verde per l&#8217;inserimento ambientale e realizzazione di sottopassaggi per la fauna selvatica.<br \/>Il Programma RiViTA\u00a0(Rigenerazione Viaria dei Territori Appenninici) nasce dall&#8217;intesa tra il MIT e le 4 regioni interessate dal sisma dell&#8217;Italia Centrale ed \u00e8 inserito nel Piano Nazionale Complementare al PNRR. Il programma prevede l&#8217;ammodernamento delle infrastrutture stradali esistenti per migliorare l&#8217;accessibilit\u00e0 delle aree interne e quindi agevolare la ripresa socio- economica nei territori appenninici.<br \/>Complessivamente il piano prevede 40 interventi\u00a0per un investimento complessivo di 3,2 miliardi\u00a0di euro a cui si sommano altri 2,2 miliardi per il piano di potenziamento della SS4 &#8220;Salaria&#8221;, gi\u00e0 avviato.<br \/>Nelle Marche il programma Rivita prevede, in particolare: l&#8217;ammodernamento e il miglioramento del tracciato delle strade statali 502 &#8220;di Cingoli&#8221; e 78 &#8220;Picena&#8221; lungo l&#8217;itinerario Belforte del Chienti-Sarnano-Amandola-Mozzano, che costituisce la Pedemontana Sud; l&#8217;ammodernamento e il miglioramento del tracciato della SS210 &#8220;Fermana Faleriense&#8221; tra Amandola e Servigliano (itinerario mare-monti) e la realizzazione dell&#8217;itinerario Fabriano-Sassoferrato-Serra Sant&#8217;Abbondio-Pergola-Fossombrone che costituisce la Pedemontana Nord.<br \/>L&#8217;investimento complessivo per le Marche \u00e8 di 1,15 miliardi di euro, di cui oltre 675 milioni finanziati.<div id=\"div-gpt-ad-Messinaoggi.it-DSK-300x250-corpoart\" style=\"text-align:center;margin:0 auto;\"><\/div><\/p>\n<p>&#8211; foto ufficio stampa Anas &#8211;<br \/>(ITALPRESS).<\/div>\n<div id=\"videoincontent\" style=\"clear:both\";><\/div>","protected":false},"excerpt":{"rendered":"<p>ANCONA (ITALPRESS) &#8211; Anas ha avviato i lavori di ammodernamento del tracciato stradale dell&#8217;itinerario Belforte del Chienti (MC) &#8211; Mozzano (AP) che costituisce la &#8220;Pedemontana Sud delle Marche&#8221;. Questo primo intervento riguarda, in particolare, un tratto di 1,7 km della strada statale 502-78 nel comune di Cessapalombo in provincia di Macerata.L&#8217;avvio del cantiere \u00e8 avvenuto [&hellip;]<\/p>\n","protected":false},"author":18,"featured_media":247475,"comment_status":"closed","ping_status":"closed","sticky":false,"template":"","format":"standard","meta":{"ub_ctt_via":"","_mi_skip_tracking":false},"categories":[446],"tags":[783],"featured_image_src":"https:\/\/www.messinaoggi.it\/website\/wp-content\/uploads\/2025\/08\/20250806_1669.jpg","author_info":{"display_name":"Admin","author_link":"https:\/\/www.messinaoggi.it\/website\/author\/admin\/"},"digistream_id":0,"digistream":false,"_links":{"self":[{"href":"https:\/\/www.messinaoggi.it\/website\/wp-json\/wp\/v2\/posts\/247474"}],"collection":[{"href":"https:\/\/www.messinaoggi.it\/website\/wp-json\/wp\/v2\/posts"}],"about":[{"href":"https:\/\/www.messinaoggi.it\/website\/wp-json\/wp\/v2\/types\/post"}],"author":[{"embeddable":true,"href":"https:\/\/www.messinaoggi.it\/website\/wp-json\/wp\/v2\/users\/18"}],"replies":[{"embeddable":true,"href":"https:\/\/www.messinaoggi.it\/website\/wp-json\/wp\/v2\/comments?post=247474"}],"version-history":[{"count":0,"href":"https:\/\/www.messinaoggi.it\/website\/wp-json\/wp\/v2\/posts\/247474\/revisions"}],"wp:featuredmedia":[{"embeddable":true,"href":"https:\/\/www.messinaoggi.it\/website\/wp-json\/wp\/v2\/media\/247475"}],"wp:attachment":[{"href":"https:\/\/www.messinaoggi.it\/website\/wp-json\/wp\/v2\/media?parent=247474"}],"wp:term":[{"taxonomy":"category","embeddable":true,"href":"https:\/\/www.messinaoggi.it\/website\/wp-json\/wp\/v2\/categories?post=247474"},{"taxonomy":"post_tag","embeddable":true,"href":"https:\/\/www.messinaoggi.it\/website\/wp-json\/wp\/v2\/tags?post=247474"}],"curies":[{"name":"wp","href":"https:\/\/api.w.org\/{rel}","templated":true}]}}