{"id":247463,"date":"2025-08-06T17:00:06","date_gmt":"2025-08-06T15:00:06","guid":{"rendered":"https:\/\/www.messinaoggi.it\/website\/2025\/08\/06\/schifani-approvazione-ponte-sullo-stretto-di-messina-svolta-storica\/"},"modified":"2025-08-06T17:00:06","modified_gmt":"2025-08-06T15:00:06","slug":"schifani-approvazione-ponte-sullo-stretto-di-messina-svolta-storica","status":"publish","type":"post","link":"https:\/\/www.messinaoggi.it\/website\/2025\/08\/06\/schifani-approvazione-ponte-sullo-stretto-di-messina-svolta-storica\/","title":{"rendered":"Schifani \u201cApprovazione ponte sullo Stretto di Messina svolta storica\u201d"},"content":{"rendered":"<div>\n<p>PALERMO (ITALPRESS) \u2013 <em>\u201cL\u2019approvazione del progetto definitivo del Ponte sullo Stretto di Messina da parte del Cipess rappresenta una svolta storica verso la realizzazione di un\u2019opera strategica, attesa da decenni e capace di rivoluzionare il futuro della Sicilia e del Mezzogiorno\u201d.<\/em><div id=\"div-gpt-ad-Messinaoggi.it-DSK-300x250-corpoart\" style=\"text-align:center;margin:0 auto;\"><\/div><\/p>\n<p>Lo dice il presidente della <strong>Regione Siciliana Renato Schifani<\/strong>. <em>\u201cNon posso non ricordare con orgoglio che il Ponte<\/em> \u2013 continua \u2013<em> \u00e8 stato un sogno di Silvio Berlusconi e una battaglia storica di Forza Italia, che oggi vede finalmente compiersi un passaggio decisivo grazie all\u2019impegno del governo e, in particolare, del ministro Matteo Salvini. La Sicilia non pu\u00f2 pi\u00f9 permettersi l\u2019isolamento infrastrutturale. Il Ponte rappresenta una grande opportunit\u00e0 di crescita, sviluppo e connessione con il resto d\u2019Italia ed Europa\u201d.<\/em><div id=\"videoincontent\" style=\"clear:both\";><\/div><\/p>\n<p><em> \u201cLa Regione Siciliana<\/em> \u2013 conclude \u2013<em> far\u00e0 la sua parte con responsabilit\u00e0 e visione, affinch\u00e9 questo grande progetto proceda nel rispetto del territorio, delle comunit\u00e0 locali e delle regole. Il Ponte sullo Stretto non \u00e8 pi\u00f9 solo una visione: oggi \u00e8 un obiettivo concreto\u201d.<\/em><\/p>\n<p>\u2013 Foto IPA Agency \u2013<\/p>\n<p>(ITALPRESS).<\/p>\n<\/div>\n","protected":false},"excerpt":{"rendered":"<p>PALERMO (ITALPRESS) \u2013 \u201cL\u2019approvazione del progetto definitivo del Ponte sullo Stretto di Messina da parte del Cipess rappresenta una svolta storica verso la realizzazione di un\u2019opera strategica, attesa da decenni e capace di rivoluzionare il futuro della Sicilia e del Mezzogiorno\u201d. Lo dice il presidente della Regione Siciliana Renato Schifani. \u201cNon posso non ricordare con [&hellip;]<\/p>\n","protected":false},"author":18,"featured_media":247464,"comment_status":"closed","ping_status":"closed","sticky":false,"template":"","format":"standard","meta":{"ub_ctt_via":"","_mi_skip_tracking":false},"categories":[2449],"tags":[783],"featured_image_src":"https:\/\/www.messinaoggi.it\/website\/wp-content\/uploads\/2025\/08\/Renato-Schifani-1-1.jpg","author_info":{"display_name":"Admin","author_link":"https:\/\/www.messinaoggi.it\/website\/author\/admin\/"},"digistream_id":0,"digistream":false,"_links":{"self":[{"href":"https:\/\/www.messinaoggi.it\/website\/wp-json\/wp\/v2\/posts\/247463"}],"collection":[{"href":"https:\/\/www.messinaoggi.it\/website\/wp-json\/wp\/v2\/posts"}],"about":[{"href":"https:\/\/www.messinaoggi.it\/website\/wp-json\/wp\/v2\/types\/post"}],"author":[{"embeddable":true,"href":"https:\/\/www.messinaoggi.it\/website\/wp-json\/wp\/v2\/users\/18"}],"replies":[{"embeddable":true,"href":"https:\/\/www.messinaoggi.it\/website\/wp-json\/wp\/v2\/comments?post=247463"}],"version-history":[{"count":0,"href":"https:\/\/www.messinaoggi.it\/website\/wp-json\/wp\/v2\/posts\/247463\/revisions"}],"wp:featuredmedia":[{"embeddable":true,"href":"https:\/\/www.messinaoggi.it\/website\/wp-json\/wp\/v2\/media\/247464"}],"wp:attachment":[{"href":"https:\/\/www.messinaoggi.it\/website\/wp-json\/wp\/v2\/media?parent=247463"}],"wp:term":[{"taxonomy":"category","embeddable":true,"href":"https:\/\/www.messinaoggi.it\/website\/wp-json\/wp\/v2\/categories?post=247463"},{"taxonomy":"post_tag","embeddable":true,"href":"https:\/\/www.messinaoggi.it\/website\/wp-json\/wp\/v2\/tags?post=247463"}],"curies":[{"name":"wp","href":"https:\/\/api.w.org\/{rel}","templated":true}]}}