{"id":24742,"date":"2018-09-26T09:58:33","date_gmt":"2018-09-26T07:58:33","guid":{"rendered":"http:\/\/www.messinaoggi.it\/website\/?p=24742"},"modified":"2018-09-26T09:58:33","modified_gmt":"2018-09-26T07:58:33","slug":"interrotto-collegamento-veloce-tra-messina-e-reggio-la-cisal-scrive-al-prefetto","status":"publish","type":"post","link":"https:\/\/www.messinaoggi.it\/website\/2018\/09\/26\/interrotto-collegamento-veloce-tra-messina-e-reggio-la-cisal-scrive-al-prefetto\/","title":{"rendered":"Interrotto collegamento veloce tra Messina e Reggio, la Cisal scrive al Prefetto"},"content":{"rendered":"<p lang=\"it-IT\">\u201c<span style=\"font-family: Arial, sans-serif\"><em>Si avvisano i Signori passeggeri che, a far data dal 01\/10\/2018, il servizio di collegamento tra Messina e Reggio Calabria effettuato dalla Liberty Lines S.p.A. verr\u00e0 interrotto<\/em>\u201d. E&#8217; quanto si pu\u00f2 leggere nella sezione avvisi della compagnia di navigazione, ponendo cos\u00ec fine al collegamento veloce tra le due sponde dello Stretto. Una notizia questa che ha gettato nello sconforto lavoratori e studenti che quotidianamente fanno la spola fra Messina e Reggio e che ha spinto dunque le organizzazioni sindacali a farsi sentire: &#8220;<em>E cos\u00ec, in barba ai roboanti annunci sulla continuit\u00e0 territoriale, sull\u2019Area Integrata dello Stretto e allo \u201cstatus\u201d di Citt\u00e0 metropolitana di Messina e Reggio Calabria e, soprattutto nell\u2019indifferenza generale, si sta consumando l\u2019ennesima beffa per un territorio che appare sempre pi\u00f9 abbandonato a se stesso da una classe politica troppo distante dalle problematiche di una comunit\u00e0 che vede le proprie aspirazioni di sviluppo frenate dalla cronica carenza di infrastrutture e servizi<\/em>&#8220;, afferma la Cisal, Confederazione italiana sindacati autonomi lavoratori.<\/span><div id=\"div-gpt-ad-Messinaoggi.it-DSK-300x250-corpoart\" style=\"text-align:center;margin:0 auto;\"><\/div><\/p>\n<p lang=\"it-IT\"><span style=\"font-family: Arial, sans-serif\">In tal senso, la Cisal ha deciso di rivolgersi direttamente al Prefetto: &#8220;<em>Nel farci portavoce\u00a0<\/em><\/span><span style=\"font-family: Arial, sans-serif\"><em>delle preoccupazioni e dei disagi di migliaia di messinesi e reggini, ma anche dei turisti che quotidianamente attraversano lo Stretto, ci rivolgiamo al Prefetto (ma anche alla Deputazione Nazionale e al Sindaco) affinch\u00e9 si possa scongiurare quest\u2019ennesimo scippo alla dignit\u00e0 ed alla vivibilit\u00e0 delle nostre citt\u00e0, anche attraverso una proroga della convenzione in attesa del nuovo bando per l\u2019affidamento dell\u2019indispensabile servizio<\/em>&#8220;.<\/span><div id=\"videoincontent\" style=\"clear:both\";><\/div><\/p>\n","protected":false},"excerpt":{"rendered":"<p>\u201cSi avvisano i Signori passeggeri che, a far data dal 01\/10\/2018, il servizio di collegamento tra Messina e Reggio Calabria effettuato dalla Liberty Lines S.p.A. verr\u00e0 interrotto\u201d. E&#8217; quanto si pu\u00f2 leggere nella sezione avvisi della compagnia di navigazione, ponendo cos\u00ec fine al collegamento veloce tra le due sponde dello Stretto. Una notizia questa che [&hellip;]<\/p>\n","protected":false},"author":8,"featured_media":3008,"comment_status":"closed","ping_status":"open","sticky":false,"template":"","format":"standard","meta":{"ub_ctt_via":"","_mi_skip_tracking":false},"categories":[4],"tags":[],"featured_image_src":"https:\/\/www.messinaoggi.it\/website\/wp-content\/uploads\/2017\/06\/Stretto-di-Messina-2.jpg","author_info":{"display_name":"red..me","author_link":"https:\/\/www.messinaoggi.it\/website\/author\/redstage\/"},"digistream_id":0,"digistream":false,"_links":{"self":[{"href":"https:\/\/www.messinaoggi.it\/website\/wp-json\/wp\/v2\/posts\/24742"}],"collection":[{"href":"https:\/\/www.messinaoggi.it\/website\/wp-json\/wp\/v2\/posts"}],"about":[{"href":"https:\/\/www.messinaoggi.it\/website\/wp-json\/wp\/v2\/types\/post"}],"author":[{"embeddable":true,"href":"https:\/\/www.messinaoggi.it\/website\/wp-json\/wp\/v2\/users\/8"}],"replies":[{"embeddable":true,"href":"https:\/\/www.messinaoggi.it\/website\/wp-json\/wp\/v2\/comments?post=24742"}],"version-history":[{"count":0,"href":"https:\/\/www.messinaoggi.it\/website\/wp-json\/wp\/v2\/posts\/24742\/revisions"}],"wp:featuredmedia":[{"embeddable":true,"href":"https:\/\/www.messinaoggi.it\/website\/wp-json\/wp\/v2\/media\/3008"}],"wp:attachment":[{"href":"https:\/\/www.messinaoggi.it\/website\/wp-json\/wp\/v2\/media?parent=24742"}],"wp:term":[{"taxonomy":"category","embeddable":true,"href":"https:\/\/www.messinaoggi.it\/website\/wp-json\/wp\/v2\/categories?post=24742"},{"taxonomy":"post_tag","embeddable":true,"href":"https:\/\/www.messinaoggi.it\/website\/wp-json\/wp\/v2\/tags?post=24742"}],"curies":[{"name":"wp","href":"https:\/\/api.w.org\/{rel}","templated":true}]}}