{"id":24733,"date":"2018-09-26T09:20:44","date_gmt":"2018-09-26T07:20:44","guid":{"rendered":"http:\/\/www.messinaoggi.it\/website\/?p=24733"},"modified":"2018-09-26T09:20:44","modified_gmt":"2018-09-26T07:20:44","slug":"in-fiamme-lex-polveriera-cacciotto-urge-bonificare-larea","status":"publish","type":"post","link":"https:\/\/www.messinaoggi.it\/website\/2018\/09\/26\/in-fiamme-lex-polveriera-cacciotto-urge-bonificare-larea\/","title":{"rendered":"In fiamme l&#039;ex Polveriera, necessaria la bonifica"},"content":{"rendered":"<p align=\"JUSTIFY\"><span style=\"font-size: medium; font-family: Arial, sans-serif;\">Nella tarda mattinata di ieri \u00e8 divampato un vasto incendio che ha colpito parte del villaggio di Bisconte, creando panico s\u00ec tra i residenti, ma non solo: \u00e8 stato messo in repentaglio un bene riconosciuto dalla legge regionale di i<\/span><span style=\"font-family: Arial, sans-serif;\"><span style=\"font-size: medium;\">nteresse storico, artistico e culturale. Stiamo parlando dell&#8217;<\/span><\/span><span style=\"font-family: Arial, sans-serif;\"><span style=\"font-size: medium;\">ex Polveriera, ex struttura militare risalente al 1887 che oggi versa in condizioni di degrado.<\/span><\/span><div id=\"div-gpt-ad-Messinaoggi.it-DSK-300x250-corpoart\" style=\"text-align:center;margin:0 auto;\"><\/div><\/p>\n<p align=\"JUSTIFY\"><a href=\"http:\/\/www.messinaoggi.it\/website\/wp-content\/uploads\/2018\/09\/polveriera-bisconte-dopo-incendio-25-09-18-1.jpg\"><img loading=\"lazy\" class=\"alignnone size-full wp-image-24737\" src=\"http:\/\/www.messinaoggi.it\/website\/wp-content\/uploads\/2018\/09\/polveriera-bisconte-dopo-incendio-25-09-18-1.jpg\" alt=\"\" width=\"2448\" height=\"3264\" \/><\/a><div id=\"videoincontent\" style=\"clear:both\";><\/div><\/p>\n<p align=\"JUSTIFY\"><span style=\"font-family: Arial, sans-serif;\"><span style=\"font-size: medium;\">Al fine di preservare un&#8217;opera considerata di interesse pubblico, il consigliere della III Circoscrizione, <strong>Alessandro Cacciotto<\/strong>, ha prontamente scritto all&#8217;Amministrazione regionale e comunale: &#8220;<em>Ho\u00a0<\/em><\/span><\/span><em><span style=\"font-family: Arial, sans-serif;\"><span style=\"font-size: medium;\">pi\u00f9 volte sollecitato le precedenti amministrazioni comunali e, lo scorso luglio, avevo anche invitato la nuova amministrazione ad effettuare quantomeno un intervento di bonifica dell\u2019intera area in cui sorge l&#8217;ex Polveriera, dal momento che i residenti hanno sempre lamentato, correttamente, anche una situazione igienico sanitaria precaria.<\/span><\/span><\/em><\/p>\n<p align=\"JUSTIFY\"><span style=\"font-family: Arial, sans-serif;\"><span style=\"font-size: medium;\">&#8220;<em>Per fortuna l&#8217;ex Polveriera non sembra essere stata intaccata dalle fiamme, ma certamente l\u2019episodio deve fare riflettere: non \u00e8 possibile lasciare nel totale abbandono un pezzo di storia ed assistere alla cancellazione del nostro patrimonio artistico, culturale.<\/em><\/span><\/span><\/p>\n<p align=\"JUSTIFY\"><span style=\"font-family: Arial, sans-serif;\"><span style=\"font-size: medium;\">&#8220;<em>Per questo motivo,<\/em> &#8211; conclude Cacciotto &#8211; <em>invito il sindaco De Luca a convocare a Bisconte un incontro con la partecipazione di tutti i soggetti interessati locali e regionali, al fine di predisporre tutto quanto necessario sia per la salvaguardia che per la rivalutazione dell&#8217;ex struttura militare ottocentesca. <\/em><\/span><\/span><span style=\"font-family: Arial, sans-serif;\"><span style=\"font-size: medium;\"><em>Nelle more chiedo all\u2019Assessorato all\u2019Igiene e Verde Pubblico del Comune di Messina, di predisporre tutto quanto necessario al fine di bonificare l\u2019area di cui sopra<\/em>&#8220;.<\/span><\/span><\/p>\n","protected":false},"excerpt":{"rendered":"<p>Nella tarda mattinata di ieri \u00e8 divampato un vasto incendio che ha colpito parte del villaggio di Bisconte, creando panico s\u00ec tra i residenti, ma non solo: \u00e8 stato messo in repentaglio un bene riconosciuto dalla legge regionale di interesse storico, artistico e culturale. Stiamo parlando dell&#8217;ex Polveriera, ex struttura militare risalente al 1887 che [&hellip;]<\/p>\n","protected":false},"author":8,"featured_media":24739,"comment_status":"closed","ping_status":"open","sticky":false,"template":"","format":"standard","meta":{"ub_ctt_via":"","_mi_skip_tracking":false},"categories":[19,6],"tags":[],"featured_image_src":"https:\/\/www.messinaoggi.it\/website\/wp-content\/uploads\/2018\/09\/polveriera-bisconte-dopo-incendio-25-09-18-3.jpg","author_info":{"display_name":"red..me","author_link":"https:\/\/www.messinaoggi.it\/website\/author\/redstage\/"},"digistream_id":0,"digistream":false,"_links":{"self":[{"href":"https:\/\/www.messinaoggi.it\/website\/wp-json\/wp\/v2\/posts\/24733"}],"collection":[{"href":"https:\/\/www.messinaoggi.it\/website\/wp-json\/wp\/v2\/posts"}],"about":[{"href":"https:\/\/www.messinaoggi.it\/website\/wp-json\/wp\/v2\/types\/post"}],"author":[{"embeddable":true,"href":"https:\/\/www.messinaoggi.it\/website\/wp-json\/wp\/v2\/users\/8"}],"replies":[{"embeddable":true,"href":"https:\/\/www.messinaoggi.it\/website\/wp-json\/wp\/v2\/comments?post=24733"}],"version-history":[{"count":0,"href":"https:\/\/www.messinaoggi.it\/website\/wp-json\/wp\/v2\/posts\/24733\/revisions"}],"wp:featuredmedia":[{"embeddable":true,"href":"https:\/\/www.messinaoggi.it\/website\/wp-json\/wp\/v2\/media\/24739"}],"wp:attachment":[{"href":"https:\/\/www.messinaoggi.it\/website\/wp-json\/wp\/v2\/media?parent=24733"}],"wp:term":[{"taxonomy":"category","embeddable":true,"href":"https:\/\/www.messinaoggi.it\/website\/wp-json\/wp\/v2\/categories?post=24733"},{"taxonomy":"post_tag","embeddable":true,"href":"https:\/\/www.messinaoggi.it\/website\/wp-json\/wp\/v2\/tags?post=24733"}],"curies":[{"name":"wp","href":"https:\/\/api.w.org\/{rel}","templated":true}]}}