{"id":247186,"date":"2025-08-04T00:30:05","date_gmt":"2025-08-03T22:30:05","guid":{"rendered":"https:\/\/www.messinaoggi.it\/website\/2025\/08\/03\/i-genitori-della-ragazza-morta-in-piscina-ci-dicano-cosa-e-successo-lo-esigiamo\/"},"modified":"2025-08-04T15:42:03","modified_gmt":"2025-08-04T13:42:03","slug":"i-genitori-della-ragazza-morta-in-piscina-ci-dicano-cosa-e-successo-lo-esigiamo","status":"publish","type":"post","link":"https:\/\/www.messinaoggi.it\/website\/2025\/08\/04\/i-genitori-della-ragazza-morta-in-piscina-ci-dicano-cosa-e-successo-lo-esigiamo\/","title":{"rendered":"I genitori della ragazza morta in piscina: \u201cCi dicano cosa \u00e8 successo, lo esigiamo\u201d"},"content":{"rendered":"<div>\n<p>PALERMO (ITALPRESS) \u2013 <em>\u201cAveva solo 20 anni. Era una brava ragazza, studiava, amava lo sport. Era solare, non litigava mai con nessuno. Raggiungeva sempre i suoi traguardi. Cosa \u00e8 successo?\u201d<\/em><strong> I genitori di Simona Cin\u00e0<\/strong> incontrando la stampa continuano a chiedersi le <strong>cause del decesso della ventenne morta nella notte tra sabato e domenica scorsi in una villa di Bagheria, nel Palermitano, durante una festa.<\/strong> A parlare \u00e8 la madre. Poi il padre di Simona: <em>\u201cNon \u00e8 una cosa normale\u201d, dice con la voce rotta dal pianto. \u201cMia figlia faceva surf, beach volley, era conosciuta nel settore sportivo. Da mattina a sera faceva sport. Era al terzo anno di universit\u00e0. Ci dicano come \u00e8 morta. Esigiamo di sapere cosa \u00e8 successo. Soltanto questo\u201d.<\/em><div id=\"div-gpt-ad-Messinaoggi.it-DSK-300x250-corpoart\" style=\"text-align:center;margin:0 auto;\"><\/div><\/p>\n<p>Per il fratello e la sorella di Simona Cin\u00e0 <em>\u201cc\u2019\u00e8 qualcosa che non va, non vogliamo gettare discredito su nessuno \u2013 affermano \u2013 ma sicuramente c\u2019\u00e8 qualcosa che non va\u201d.<\/em><div id=\"videoincontent\" style=\"clear:both\";><\/div><\/p>\n<p>-Foto profilo Instagram Simona Cin\u00e0-<br \/>\n(ITALPRESS).<\/p>\n<\/div>\n","protected":false},"excerpt":{"rendered":"<p>PALERMO (ITALPRESS) \u2013 \u201cAveva solo 20 anni. Era una brava ragazza, studiava, amava lo sport. Era solare, non litigava mai con nessuno. Raggiungeva sempre i suoi traguardi. Cosa \u00e8 successo?\u201d I genitori di Simona Cin\u00e0 incontrando la stampa continuano a chiedersi le cause del decesso della ventenne morta nella notte tra sabato e domenica scorsi [&hellip;]<\/p>\n","protected":false},"author":18,"featured_media":247187,"comment_status":"closed","ping_status":"closed","sticky":false,"template":"","format":"standard","meta":{"ub_ctt_via":"","_mi_skip_tracking":false},"categories":[11,2449],"tags":[783],"featured_image_src":"https:\/\/www.messinaoggi.it\/website\/wp-content\/uploads\/2025\/08\/WhatsApp-Image-2025-08-03-at-18.22.16.jpeg","author_info":{"display_name":"Admin","author_link":"https:\/\/www.messinaoggi.it\/website\/author\/admin\/"},"digistream_id":0,"digistream":false,"_links":{"self":[{"href":"https:\/\/www.messinaoggi.it\/website\/wp-json\/wp\/v2\/posts\/247186"}],"collection":[{"href":"https:\/\/www.messinaoggi.it\/website\/wp-json\/wp\/v2\/posts"}],"about":[{"href":"https:\/\/www.messinaoggi.it\/website\/wp-json\/wp\/v2\/types\/post"}],"author":[{"embeddable":true,"href":"https:\/\/www.messinaoggi.it\/website\/wp-json\/wp\/v2\/users\/18"}],"replies":[{"embeddable":true,"href":"https:\/\/www.messinaoggi.it\/website\/wp-json\/wp\/v2\/comments?post=247186"}],"version-history":[{"count":1,"href":"https:\/\/www.messinaoggi.it\/website\/wp-json\/wp\/v2\/posts\/247186\/revisions"}],"predecessor-version":[{"id":247195,"href":"https:\/\/www.messinaoggi.it\/website\/wp-json\/wp\/v2\/posts\/247186\/revisions\/247195"}],"wp:featuredmedia":[{"embeddable":true,"href":"https:\/\/www.messinaoggi.it\/website\/wp-json\/wp\/v2\/media\/247187"}],"wp:attachment":[{"href":"https:\/\/www.messinaoggi.it\/website\/wp-json\/wp\/v2\/media?parent=247186"}],"wp:term":[{"taxonomy":"category","embeddable":true,"href":"https:\/\/www.messinaoggi.it\/website\/wp-json\/wp\/v2\/categories?post=247186"},{"taxonomy":"post_tag","embeddable":true,"href":"https:\/\/www.messinaoggi.it\/website\/wp-json\/wp\/v2\/tags?post=247186"}],"curies":[{"name":"wp","href":"https:\/\/api.w.org\/{rel}","templated":true}]}}