{"id":247174,"date":"2025-08-03T13:09:26","date_gmt":"2025-08-03T11:09:26","guid":{"rendered":"https:\/\/www.messinaoggi.it\/website\/2025\/08\/03\/giubileo-dei-giovani-papa-leone-xiv-un-mondo-di-pace-e-possibile\/"},"modified":"2025-08-03T13:09:26","modified_gmt":"2025-08-03T11:09:26","slug":"giubileo-dei-giovani-papa-leone-xiv-un-mondo-di-pace-e-possibile","status":"publish","type":"post","link":"https:\/\/www.messinaoggi.it\/website\/2025\/08\/03\/giubileo-dei-giovani-papa-leone-xiv-un-mondo-di-pace-e-possibile\/","title":{"rendered":"Giubileo dei Giovani, Papa Leone XIV \u201cUn mondo di pace \u00e8 possibile\u201d"},"content":{"rendered":"<div>ROMA (ITALPRESS) &#8211; &#8220;Siete il segno che un mondo differente \u00e8 possibile, un mondo di fraternit\u00e0 e amicizia \u00e8 possibile, dove i<br \/>conflitti non sono risolti con le armi ma con il dialogo. Con<br \/>Cristo \u00e8 possibile, con la forza del suo spirito&#8221;. Lo ha detto Papa Leone XIV al termine della messa a Tor Vergata, all&#8217;Angelus anticipato, in occasione del Giubileo dei Giovani.<br \/>&#8220;La fragilit\u00e0 di cui ci parlano \u00e8 parte della meraviglia che siamo&#8221; non &#8220;un tab\u00f9 da evitare&#8221;, ha detto il Pontefice  nell&#8217;omelia della messa.<br \/>Il Pontefice ha citato un discorso del suo predecessore Francesco. &#8220;Ciascuno di noi &#8211; afferma &#8211; \u00e8 chiamato a confrontarsi con grandi interrogativi che non hanno una risposta semplicistica o immediata, ma ci invitano a metterci in cammino, a superare noi stessi, ad andare oltre, a un decollo senza il quale non c&#8217;\u00e8 volo. Non allarmiamoci, allora, se ci scopriamo interiormente assetati, inquieti, incompleti, desiderosi di senso e di futuro. Non siamo malati, siamo vivi!&#8221;.<br \/>Papa Leone ha sottolineato che &#8220;la pienezza della nostra esistenza non dipende da ci\u00f2 che accumuliamo n\u00e8, come abbiamo sentito nel Vangelo, da ci\u00f2 che possediamo. E&#8217; legata piuttosto a ci\u00f2 che con gioia sappiamo accogliere e condividere. Comprare, ammassare, consumare, non basta&#8221;. Sull&#8217;esempio anche dei santi, come i giovani Piergiorgio Frassati e Carlo Acutis.<br \/>Al termine della messa il Papa ha voluto ringraziare e citare i giovani provenienti dalle zone di guerra, &#8220;da Gaza e dall&#8217;Ucraina&#8221;, e da ogni parte del mondo colpita dalle guerre.<br \/>-foto Ipa Agency-<br \/>(ITALPRESS).<\/div>\n<div id=\"div-gpt-ad-Messinaoggi.it-DSK-300x250-corpoart\" style=\"text-align:center;margin:0 auto;\"><\/div><\/p><div id=\"videoincontent\" style=\"clear:both\";><\/div>","protected":false},"excerpt":{"rendered":"<p>ROMA (ITALPRESS) &#8211; &#8220;Siete il segno che un mondo differente \u00e8 possibile, un mondo di fraternit\u00e0 e amicizia \u00e8 possibile, dove iconflitti non sono risolti con le armi ma con il dialogo. ConCristo \u00e8 possibile, con la forza del suo spirito&#8221;. Lo ha detto Papa Leone XIV al termine della messa a Tor Vergata, all&#8217;Angelus [&hellip;]<\/p>\n","protected":false},"author":18,"featured_media":247175,"comment_status":"closed","ping_status":"closed","sticky":false,"template":"","format":"standard","meta":{"ub_ctt_via":"","_mi_skip_tracking":false},"categories":[446],"tags":[783],"featured_image_src":"https:\/\/www.messinaoggi.it\/website\/wp-content\/uploads\/2025\/08\/20250803_0125.jpg","author_info":{"display_name":"Admin","author_link":"https:\/\/www.messinaoggi.it\/website\/author\/admin\/"},"digistream_id":0,"digistream":false,"_links":{"self":[{"href":"https:\/\/www.messinaoggi.it\/website\/wp-json\/wp\/v2\/posts\/247174"}],"collection":[{"href":"https:\/\/www.messinaoggi.it\/website\/wp-json\/wp\/v2\/posts"}],"about":[{"href":"https:\/\/www.messinaoggi.it\/website\/wp-json\/wp\/v2\/types\/post"}],"author":[{"embeddable":true,"href":"https:\/\/www.messinaoggi.it\/website\/wp-json\/wp\/v2\/users\/18"}],"replies":[{"embeddable":true,"href":"https:\/\/www.messinaoggi.it\/website\/wp-json\/wp\/v2\/comments?post=247174"}],"version-history":[{"count":0,"href":"https:\/\/www.messinaoggi.it\/website\/wp-json\/wp\/v2\/posts\/247174\/revisions"}],"wp:featuredmedia":[{"embeddable":true,"href":"https:\/\/www.messinaoggi.it\/website\/wp-json\/wp\/v2\/media\/247175"}],"wp:attachment":[{"href":"https:\/\/www.messinaoggi.it\/website\/wp-json\/wp\/v2\/media?parent=247174"}],"wp:term":[{"taxonomy":"category","embeddable":true,"href":"https:\/\/www.messinaoggi.it\/website\/wp-json\/wp\/v2\/categories?post=247174"},{"taxonomy":"post_tag","embeddable":true,"href":"https:\/\/www.messinaoggi.it\/website\/wp-json\/wp\/v2\/tags?post=247174"}],"curies":[{"name":"wp","href":"https:\/\/api.w.org\/{rel}","templated":true}]}}