{"id":247172,"date":"2025-08-04T00:19:24","date_gmt":"2025-08-03T22:19:24","guid":{"rendered":"https:\/\/www.messinaoggi.it\/website\/2025\/08\/03\/schifani-dispone-unispezione-allospedale-papardo-di-messina-dopo-il-caso-del-giornalista-viviano\/"},"modified":"2025-08-04T15:45:33","modified_gmt":"2025-08-04T13:45:33","slug":"schifani-dispone-unispezione-allospedale-papardo-di-messina-dopo-il-caso-del-giornalista-viviano","status":"publish","type":"post","link":"https:\/\/www.messinaoggi.it\/website\/2025\/08\/04\/schifani-dispone-unispezione-allospedale-papardo-di-messina-dopo-il-caso-del-giornalista-viviano\/","title":{"rendered":"Schifani dispone un\u2019ispezione all\u2019ospedale Papardo di Messina dopo il caso della &#8220;Motoape&#8221;"},"content":{"rendered":"<div>\n<p>PALERMO (ITALPRESS) \u2013 A seguito del grave episodio verificatosi nei giorni scorsi sull\u2019<strong>isola di Stromboli e del successivo ricovero del giornalista Francesco Viviano presso l\u2019ospedale Papardo di Messina,<\/strong> il <strong>presidente della Regione Siciliana Renato Schifani ha chiesto all\u2019assessore alla Salute Daniela Faraoni<\/strong>, di avviare un\u2019ispezione presso la<strong> struttura ospedaliera<\/strong>.<div id=\"div-gpt-ad-Messinaoggi.it-DSK-300x250-corpoart\" style=\"text-align:center;margin:0 auto;\"><\/div><\/p>\n<p>L\u2019assessore ha quindi incaricato il<strong> dirigente generale del Dasoe, Giacomo Scalzo,<\/strong> di attivare immediatamente le verifiche del caso. La commissione ispettiva si \u00e8 insediata questa mattina al Papardo per accertare le ragioni della lunga attesa \u2013 circa quattro ore \u2013 prima del trasferimento del paziente al Policlinico, dove \u00e8 stato successivamente operato con esito positivo.<div id=\"videoincontent\" style=\"clear:both\";><\/div><\/p>\n<p>La commissione \u00e8 composta dallo stesso Scalzo, dal<strong> dirigente del Dasoe Antonio Lo Presti, dal direttore sanitario dell\u2019Asp di Caltanissetta Luciano Fiorella<\/strong> e dal direttore sanitario dell\u2019Asp di Palermo Antonio Levita. Il caso ha suscitato vasta eco mediatica dopo il racconto dello stesso Viviano, che sui social ha denunciato quanto accaduto: caduto a Stromboli e rimasto con una frattura al femore, \u00e8 stato trasportato su una motoape all\u2019elisuperficie dell\u2019isola, a causa dell\u2019assenza dell\u2019unica ambulanza, fuori uso da mesi. Dopo l\u2019arrivo in elisoccorso al Papardo, il giornalista ha lamentato una lunga attesa prima di essere preso in carico e trasferito.<\/p>\n<p>Il presidente Schifani ha contattato telefonicamente gi\u00e0 ieri pomeriggio Viviano per esprimere la propria solidariet\u00e0, scusarsi per quanto accaduto e assicurare che si far\u00e0 piena luce sulla vicenda.<em> \u201cFaremo tutto il necessario<\/em> \u2013 dichiara il presidente \u2013 <em>per accertare responsabilit\u00e0 e prevenire simili episodi, soprattutto nelle isole minori, dove la presenza turistica estiva impone servizi sanitari tempestivi ed efficienti\u201d.<\/em><\/p>\n<p><em>\u201cSiamo profondamente dispiaciuti<\/em> \u2013 aggiunge l\u2019assessore Faraoni \u2013<em> per quanto accaduto. Conosciamo le difficolt\u00e0 logistiche dell\u2019isola di Stromboli, dove un normale mezzo di soccorso non pu\u00f2 transitare. A settembre \u00e8 prevista la consegna di un veicolo speciale gi\u00e0 acquistato dall\u2019Asp di Messina per garantire trasporti in sicurezza. Quanto invece accaduto al Papardo \u00e8 gravissimo: chiediamo scusa e abbiamo avviato tutte le verifiche necessarie. \u00c8 inaccettabile che comportamenti di questo tipo possano oscurare gli sforzi che, in tutta la Regione, il governo Schifani sta compiendo per migliorare la sanit\u00e0 pubblica e superare vecchie criticit\u00e0\u201d.\u00a0<\/em><\/p>\n<p>-Foto IPA Agency-<br \/>\n(ITALPRESS).<\/p>\n<\/div>\n","protected":false},"excerpt":{"rendered":"<p>PALERMO (ITALPRESS) \u2013 A seguito del grave episodio verificatosi nei giorni scorsi sull\u2019isola di Stromboli e del successivo ricovero del giornalista Francesco Viviano presso l\u2019ospedale Papardo di Messina, il presidente della Regione Siciliana Renato Schifani ha chiesto all\u2019assessore alla Salute Daniela Faraoni, di avviare un\u2019ispezione presso la struttura ospedaliera. L\u2019assessore ha quindi incaricato il dirigente [&hellip;]<\/p>\n","protected":false},"author":18,"featured_media":247173,"comment_status":"closed","ping_status":"closed","sticky":false,"template":"","format":"standard","meta":{"ub_ctt_via":"","_mi_skip_tracking":false},"categories":[6,2449],"tags":[783],"featured_image_src":"https:\/\/www.messinaoggi.it\/website\/wp-content\/uploads\/2025\/08\/Renato-Schifani-1.jpg","author_info":{"display_name":"Admin","author_link":"https:\/\/www.messinaoggi.it\/website\/author\/admin\/"},"digistream_id":0,"digistream":false,"_links":{"self":[{"href":"https:\/\/www.messinaoggi.it\/website\/wp-json\/wp\/v2\/posts\/247172"}],"collection":[{"href":"https:\/\/www.messinaoggi.it\/website\/wp-json\/wp\/v2\/posts"}],"about":[{"href":"https:\/\/www.messinaoggi.it\/website\/wp-json\/wp\/v2\/types\/post"}],"author":[{"embeddable":true,"href":"https:\/\/www.messinaoggi.it\/website\/wp-json\/wp\/v2\/users\/18"}],"replies":[{"embeddable":true,"href":"https:\/\/www.messinaoggi.it\/website\/wp-json\/wp\/v2\/comments?post=247172"}],"version-history":[{"count":1,"href":"https:\/\/www.messinaoggi.it\/website\/wp-json\/wp\/v2\/posts\/247172\/revisions"}],"predecessor-version":[{"id":247196,"href":"https:\/\/www.messinaoggi.it\/website\/wp-json\/wp\/v2\/posts\/247172\/revisions\/247196"}],"wp:featuredmedia":[{"embeddable":true,"href":"https:\/\/www.messinaoggi.it\/website\/wp-json\/wp\/v2\/media\/247173"}],"wp:attachment":[{"href":"https:\/\/www.messinaoggi.it\/website\/wp-json\/wp\/v2\/media?parent=247172"}],"wp:term":[{"taxonomy":"category","embeddable":true,"href":"https:\/\/www.messinaoggi.it\/website\/wp-json\/wp\/v2\/categories?post=247172"},{"taxonomy":"post_tag","embeddable":true,"href":"https:\/\/www.messinaoggi.it\/website\/wp-json\/wp\/v2\/tags?post=247172"}],"curies":[{"name":"wp","href":"https:\/\/api.w.org\/{rel}","templated":true}]}}