{"id":247122,"date":"2025-08-02T13:09:24","date_gmt":"2025-08-02T11:09:24","guid":{"rendered":"https:\/\/www.messinaoggi.it\/website\/2025\/08\/02\/mattarella-strage-bologna-segno-indelebile-di-disumanita-neofascista\/"},"modified":"2025-08-02T14:58:40","modified_gmt":"2025-08-02T12:58:40","slug":"mattarella-strage-bologna-segno-indelebile-di-disumanita-neofascista","status":"publish","type":"post","link":"https:\/\/www.messinaoggi.it\/website\/2025\/08\/02\/mattarella-strage-bologna-segno-indelebile-di-disumanita-neofascista\/","title":{"rendered":"Mattarella \u201cStrage Bologna segno indelebile di disumanit\u00e0 neofascista\u201d"},"content":{"rendered":"<div>ROMA (ITALPRESS) &#8211; &#8220;La strage della Stazione di Bologna ha impresso sull&#8217;identit\u00e0 dell&#8217;Italia un segno indelebile di disumanit\u00e0 da parte di una spietata strategia eversiva neofascista che mirava a colpire i valori costituzionali, le conquiste sociali e, con essi, la nostra stessa convivenza civile. Il 2 agosto di quarantacinque anni fa, con i corpi straziati, i tanti morti innocenti, la immane sofferenza dei familiari, lo sconvolgimento di una citt\u00e0 e, con essa, dell&#8217;intera comunit\u00e0 nazionale, \u00e8 nella memoria del Paese&#8221;.<br \/>Lo dice il presidente della Repubblica, Sergio Mattarella. <br \/>&#8220;Bologna, l&#8217;Emilia-Romagna, l&#8217;Italia, risposero con prontezza e fermezza &#8211; prosegue -, esprimendo tutta la solidariet\u00e0 di cui sono capaci, respingendo il disegno destabilizzante, le complicit\u00e0 presenti anche in apparati dello Stato, le trame di chi guidava le mani stragiste. Nel giorno dell&#8217;anniversario, si rinnovano alle famiglie delle vittime i sentimenti di vicinanza. Espressione di una comunit\u00e0 coesa che aderisce a quei principi democratici, che gli artefici della strage volevano cancellare, generando paura per minare le istituzioni, cercando di spingere il Paese verso derive autoritarie, con responsabilit\u00e0 accertate grazie al tenace lavoro di Magistrati e servitori dello Stato.<br \/>Merita la gratitudine della Repubblica la testimonianza dell&#8217;Associazione dei familiari delle vittime, che ha sempre tenuto accesa la luce sul percorso che ha portato a svelare esecutori e mandanti, prezioso esempio di fedelt\u00e0 ai valori costituzionali, specie per i giovani&#8221;, conclude il capo dello Stato.<div id=\"div-gpt-ad-Messinaoggi.it-DSK-300x250-corpoart\" style=\"text-align:center;margin:0 auto;\"><\/div><\/p>\n<p>&#8211; Foto Ipa Agency &#8211;<div id=\"videoincontent\" style=\"clear:both\";><\/div><\/p>\n<p>(ITALPRESS).<\/p><\/div>\n","protected":false},"excerpt":{"rendered":"<p>ROMA (ITALPRESS) &#8211; &#8220;La strage della Stazione di Bologna ha impresso sull&#8217;identit\u00e0 dell&#8217;Italia un segno indelebile di disumanit\u00e0 da parte di una spietata strategia eversiva neofascista che mirava a colpire i valori costituzionali, le conquiste sociali e, con essi, la nostra stessa convivenza civile. Il 2 agosto di quarantacinque anni fa, con i corpi straziati, [&hellip;]<\/p>\n","protected":false},"author":18,"featured_media":247123,"comment_status":"closed","ping_status":"closed","sticky":false,"template":"","format":"standard","meta":{"ub_ctt_via":"","_mi_skip_tracking":false},"categories":[446,4],"tags":[783],"featured_image_src":"https:\/\/www.messinaoggi.it\/website\/wp-content\/uploads\/2025\/08\/20250802_0285.jpg","author_info":{"display_name":"Admin","author_link":"https:\/\/www.messinaoggi.it\/website\/author\/admin\/"},"digistream_id":0,"digistream":false,"_links":{"self":[{"href":"https:\/\/www.messinaoggi.it\/website\/wp-json\/wp\/v2\/posts\/247122"}],"collection":[{"href":"https:\/\/www.messinaoggi.it\/website\/wp-json\/wp\/v2\/posts"}],"about":[{"href":"https:\/\/www.messinaoggi.it\/website\/wp-json\/wp\/v2\/types\/post"}],"author":[{"embeddable":true,"href":"https:\/\/www.messinaoggi.it\/website\/wp-json\/wp\/v2\/users\/18"}],"replies":[{"embeddable":true,"href":"https:\/\/www.messinaoggi.it\/website\/wp-json\/wp\/v2\/comments?post=247122"}],"version-history":[{"count":1,"href":"https:\/\/www.messinaoggi.it\/website\/wp-json\/wp\/v2\/posts\/247122\/revisions"}],"predecessor-version":[{"id":247129,"href":"https:\/\/www.messinaoggi.it\/website\/wp-json\/wp\/v2\/posts\/247122\/revisions\/247129"}],"wp:featuredmedia":[{"embeddable":true,"href":"https:\/\/www.messinaoggi.it\/website\/wp-json\/wp\/v2\/media\/247123"}],"wp:attachment":[{"href":"https:\/\/www.messinaoggi.it\/website\/wp-json\/wp\/v2\/media?parent=247122"}],"wp:term":[{"taxonomy":"category","embeddable":true,"href":"https:\/\/www.messinaoggi.it\/website\/wp-json\/wp\/v2\/categories?post=247122"},{"taxonomy":"post_tag","embeddable":true,"href":"https:\/\/www.messinaoggi.it\/website\/wp-json\/wp\/v2\/tags?post=247122"}],"curies":[{"name":"wp","href":"https:\/\/api.w.org\/{rel}","templated":true}]}}