{"id":247120,"date":"2025-08-02T12:04:25","date_gmt":"2025-08-02T10:04:25","guid":{"rendered":"https:\/\/www.messinaoggi.it\/website\/2025\/08\/02\/fondi-ue-schifani-abbiamo-raggiunto-lobiettivo-certificati-38-miliardi-di-euro-e-realizzati-6-500-progetti\/"},"modified":"2025-08-02T14:58:50","modified_gmt":"2025-08-02T12:58:50","slug":"fondi-ue-schifani-abbiamo-raggiunto-lobiettivo-certificati-38-miliardi-di-euro-e-realizzati-6-500-progetti","status":"publish","type":"post","link":"https:\/\/www.messinaoggi.it\/website\/2025\/08\/02\/fondi-ue-schifani-abbiamo-raggiunto-lobiettivo-certificati-38-miliardi-di-euro-e-realizzati-6-500-progetti\/","title":{"rendered":"Fondi Ue, Schifani \u201cAbbiamo raggiunto l\u2019obiettivo, certificati 3,8 miliardi di euro e realizzati 6.500 progetti\u201d"},"content":{"rendered":"<div>\n<p>PALERMO (ITALPRESS) \u2013 \u201c<em>Abbiamo raggiunto l\u2019obiettivo: tutte le risorse UE del Programma Fesr 2014-2020 sono state spese. \u00c8 motivo di grande soddisfazione per il mio governo e per l\u2019intera Regione\u201d.<\/em> Cos\u00ec il <strong>presidente Renato Schifani annuncia il completamento del programma comunitario che ha visto avanzare la certificazione finale della spesa alla Commissione europea entro la scadenza del 31 luglio<\/strong>. Un risultato tutt\u2019altro che scontato: oltre 6.500 i progetti realizzati, per un ammontare complessivo di <strong>3,8 miliardi di euro, di cui 3,4 miliardi provenienti da fondi europei.<\/strong> Ma ci\u00f2 che pi\u00f9 colpisce \u00e8 il ritmo impresso negli ultimi anni.<div id=\"div-gpt-ad-Messinaoggi.it-DSK-300x250-corpoart\" style=\"text-align:center;margin:0 auto;\"><\/div><\/p>\n<p><strong><em>\u201cBen un miliardo e mezzo di euro<\/em><\/strong> \u2013 sottolinea Schifani \u2013 <em>\u00e8 stato speso tra luglio 2023 e giugno 2025, a dimostrazione dell\u2019accelerazione impressa nell\u2019ultimo biennio. Un traguardo reso possibile grazie alla rimodulazione delle risorse che il mio governo ha avviato due anni fa e che ha permesso di recuperare tempo e fondi preziosi. Un ringraziamento al dipartimento Programmazione della Presidenza della Regione, guidato da Vincenzo Falgares, per il rigoroso lavoro di coordinamento e di impulso svolto nei confronti dei vari assessorati\u201d.<\/em><div id=\"videoincontent\" style=\"clear:both\";><\/div><\/p>\n<p>Risultato centrato che ha consentito non solo di utilizzare tutti i fondi europei disponibili, ma anche di superare l\u2019obiettivo, con un overbooking di oltre 170 milioni di euro rispetto ai <strong>3,42 miliardi di quota Ue prevista<\/strong>. Ora, le risorse nazionali residue \u2013 parte integrante della dotazione iniziale da 4,28 miliardi \u2013 saranno utilizzate per portare a termine tutti gli interventi gi\u00e0 avviati, anche se non pi\u00f9 coperti da fondi Ue. Operazione resa possibile dalla sinergia istituzionale con il governo nazionale e dagli strumenti finanziari gi\u00e0 attivati, tra cui il Programma operativo complementare (Poc) 2014-2020 e la recente delibera Cipess n. 13\/2025, pubblicata in Gazzetta Ufficiale il 25 luglio. <em>\u201cGuardiamo adesso con fiducia alla nuova programmazione<\/em> \u2013 conclude il presidente Schifani \u2013 <em>consapevoli che abbiamo dimostrato di saper usare al meglio le risorse disponibili, in un momento storico cruciale per lo sviluppo della Sicilia\u201d.<\/em><\/p>\n<p>-Foto IPA Agency-<br \/>\n(ITALPRESS).<\/p>\n<\/div>\n","protected":false},"excerpt":{"rendered":"<p>PALERMO (ITALPRESS) \u2013 \u201cAbbiamo raggiunto l\u2019obiettivo: tutte le risorse UE del Programma Fesr 2014-2020 sono state spese. \u00c8 motivo di grande soddisfazione per il mio governo e per l\u2019intera Regione\u201d. Cos\u00ec il presidente Renato Schifani annuncia il completamento del programma comunitario che ha visto avanzare la certificazione finale della spesa alla Commissione europea entro la [&hellip;]<\/p>\n","protected":false},"author":18,"featured_media":247121,"comment_status":"closed","ping_status":"closed","sticky":false,"template":"","format":"standard","meta":{"ub_ctt_via":"","_mi_skip_tracking":false},"categories":[11,2449],"tags":[783],"featured_image_src":"https:\/\/www.messinaoggi.it\/website\/wp-content\/uploads\/2025\/08\/Schifani.png","author_info":{"display_name":"Admin","author_link":"https:\/\/www.messinaoggi.it\/website\/author\/admin\/"},"digistream_id":0,"digistream":false,"_links":{"self":[{"href":"https:\/\/www.messinaoggi.it\/website\/wp-json\/wp\/v2\/posts\/247120"}],"collection":[{"href":"https:\/\/www.messinaoggi.it\/website\/wp-json\/wp\/v2\/posts"}],"about":[{"href":"https:\/\/www.messinaoggi.it\/website\/wp-json\/wp\/v2\/types\/post"}],"author":[{"embeddable":true,"href":"https:\/\/www.messinaoggi.it\/website\/wp-json\/wp\/v2\/users\/18"}],"replies":[{"embeddable":true,"href":"https:\/\/www.messinaoggi.it\/website\/wp-json\/wp\/v2\/comments?post=247120"}],"version-history":[{"count":1,"href":"https:\/\/www.messinaoggi.it\/website\/wp-json\/wp\/v2\/posts\/247120\/revisions"}],"predecessor-version":[{"id":247130,"href":"https:\/\/www.messinaoggi.it\/website\/wp-json\/wp\/v2\/posts\/247120\/revisions\/247130"}],"wp:featuredmedia":[{"embeddable":true,"href":"https:\/\/www.messinaoggi.it\/website\/wp-json\/wp\/v2\/media\/247121"}],"wp:attachment":[{"href":"https:\/\/www.messinaoggi.it\/website\/wp-json\/wp\/v2\/media?parent=247120"}],"wp:term":[{"taxonomy":"category","embeddable":true,"href":"https:\/\/www.messinaoggi.it\/website\/wp-json\/wp\/v2\/categories?post=247120"},{"taxonomy":"post_tag","embeddable":true,"href":"https:\/\/www.messinaoggi.it\/website\/wp-json\/wp\/v2\/tags?post=247120"}],"curies":[{"name":"wp","href":"https:\/\/api.w.org\/{rel}","templated":true}]}}